{"id":3868,"date":"2017-11-30T17:20:00","date_gmt":"2017-11-30T19:20:00","guid":{"rendered":"http:\/\/blogdoedvaldomagalhaes.com.br\/index.php\/2017\/11\/30\/fernandinho-de-ameixas-para-conquistar\/"},"modified":"2019-02-09T01:54:48","modified_gmt":"2019-02-09T03:54:48","slug":"fernandinho-de-ameixas-para-conquistar","status":"publish","type":"post","link":"https:\/\/blogdoedvaldomagalhaes.com.br\/index.php\/2017\/11\/30\/fernandinho-de-ameixas-para-conquistar\/","title":{"rendered":"Fernandinho: de Ameixas para conquistar a Am\u00e9rica"},"content":{"rendered":"<div class=\"separator\" style=\"clear: both; text-align: center;\">\n<a href=\"https:\/\/1.bp.blogspot.com\/-eY6vNNWzoXA\/WiA9C2UmbjI\/AAAAAAAAlxY\/_i9OZRhIc0cZXmWTjVRRb9xLV4h6hMO4ACLcBGAs\/s1600\/fernandinho.jpg\" imageanchor=\"1\" style=\"margin-left: 1em; margin-right: 1em;\"><img loading=\"lazy\" decoding=\"async\" border=\"0\" data-original-height=\"464\" data-original-width=\"696\" height=\"266\" src=\"http:\/\/blogdoedvaldomagalhaes.com.br\/wp-content\/uploads\/2017\/11\/fernandinho.jpg\" width=\"400\" \/><\/a><\/div>\n<div class=\"separator\" style=\"clear: both; text-align: center;\">\nFoto: Lucas Uebe\/Divulga\u00e7\u00e3o Gr\u00eamio<\/div>\n<div class=\"separator\" style=\"clear: both; text-align: justify;\">\n<\/div>\n<div style=\"background-color: white; box-sizing: border-box; line-height: 26px; margin-bottom: 26px; text-align: justify; word-wrap: break-word;\">\nAntes de virar profissional, Fernandinho foi reprovado em dois testes no Santa Cruz. Aos 17 anos, tentou pela terceira vez e foi aprovado. Contrato assinado, foi comemorar com os amigos em Ameixas, a 110 quil\u00f4metros de Recife.<\/div>\n<div style=\"background-color: white; box-sizing: border-box; line-height: 26px; margin-bottom: 26px; word-wrap: break-word;\">\n<\/div>\n<div style=\"text-align: justify;\">\nEra 25 de novembro, dia de seu anivers\u00e1rio. Euf\u00f3rico, o atacante aceitou um passeio a cavalo na garupa do melhor amigo. O saldo foi tr\u00e1gico. O animal, sem arreios, chocou-se contra um poste, o amigo teve morte instant\u00e2nea, e Fernandinho fraturou a bacia.<\/div>\n<div style=\"text-align: justify;\">\n\u2013 Por pouco, n\u00e3o fiquei paral\u00edtico \u2013 recorda.<\/div>\n<div style=\"text-align: justify;\">\nForam tr\u00eas meses parado.<\/div>\n<p><\/p>\n<div style=\"background-color: white; box-sizing: border-box; line-height: 26px; margin-bottom: 26px; word-wrap: break-word;\">\n<\/div>\n<div style=\"text-align: justify;\">\nQuando reapresentou-se ao Santa Cruz, exigiram um novo teste. Fernandinho disse n\u00e3o, tentou o N\u00e1utico, onde tamb\u00e9m foi reprovado e por fim, acertou-se com o Central de Caruaru. Hoje, ele \u00e9 casado com Giane, a irm\u00e3 do amigo morto.<\/div>\n<div style=\"text-align: justify;\">\nNo Central foi onde ele come\u00e7ou a ter oportunidades e ir se destacando aos poucos no futebol, depois de um tempo foi para um clube do interior paranaense, e de l\u00e1 se transferiu para um clube sul-coreano.<\/div>\n<p><\/p>\n<div style=\"background-color: white; box-sizing: border-box; line-height: 26px; margin-bottom: 26px; text-align: justify; word-wrap: break-word;\">\nAp\u00f3s passagem no Atl\u00e9tico\/MG recentemente, Fernandinho foi contratado pelo Gr\u00eamio. Hoje o Fernando, como era conhecido no Central, conquista a Ta\u00e7a Libertadores da Am\u00e9rica com direito a um gola\u00e7o contra o Lan\u00fas\/ARG.<\/div>\n","protected":false},"excerpt":{"rendered":"<p>Foto: Lucas Uebe\/Divulga\u00e7\u00e3o Gr\u00eamio Antes de virar profissional, Fernandinho foi reprovado em dois testes no Santa Cruz. Aos 17 anos,&hellip;<\/p>\n","protected":false},"author":1,"featured_media":0,"comment_status":"open","ping_status":"open","sticky":false,"template":"","format":"standard","meta":{"footnotes":""},"categories":[1],"tags":[2,4592,3],"class_list":["post-3868","post","type-post","status-publish","format-standard","hentry","category-sem-categoria","tag-blog-do-edvaldo-magalhaes","tag-fernandinho-de-ameixas-para-conquistar-a-america","tag-futebol"],"_links":{"self":[{"href":"https:\/\/blogdoedvaldomagalhaes.com.br\/index.php\/wp-json\/wp\/v2\/posts\/3868","targetHints":{"allow":["GET"]}}],"collection":[{"href":"https:\/\/blogdoedvaldomagalhaes.com.br\/index.php\/wp-json\/wp\/v2\/posts"}],"about":[{"href":"https:\/\/blogdoedvaldomagalhaes.com.br\/index.php\/wp-json\/wp\/v2\/types\/post"}],"author":[{"embeddable":true,"href":"https:\/\/blogdoedvaldomagalhaes.com.br\/index.php\/wp-json\/wp\/v2\/users\/1"}],"replies":[{"embeddable":true,"href":"https:\/\/blogdoedvaldomagalhaes.com.br\/index.php\/wp-json\/wp\/v2\/comments?post=3868"}],"version-history":[{"count":1,"href":"https:\/\/blogdoedvaldomagalhaes.com.br\/index.php\/wp-json\/wp\/v2\/posts\/3868\/revisions"}],"predecessor-version":[{"id":26678,"href":"https:\/\/blogdoedvaldomagalhaes.com.br\/index.php\/wp-json\/wp\/v2\/posts\/3868\/revisions\/26678"}],"wp:attachment":[{"href":"https:\/\/blogdoedvaldomagalhaes.com.br\/index.php\/wp-json\/wp\/v2\/media?parent=3868"}],"wp:term":[{"taxonomy":"category","embeddable":true,"href":"https:\/\/blogdoedvaldomagalhaes.com.br\/index.php\/wp-json\/wp\/v2\/categories?post=3868"},{"taxonomy":"post_tag","embeddable":true,"href":"https:\/\/blogdoedvaldomagalhaes.com.br\/index.php\/wp-json\/wp\/v2\/tags?post=3868"}],"curies":[{"name":"wp","href":"https:\/\/api.w.org\/{rel}","templated":true}]}}