{"id":3867,"date":"2017-11-30T18:05:00","date_gmt":"2017-11-30T20:05:00","guid":{"rendered":"http:\/\/blogdoedvaldomagalhaes.com.br\/index.php\/2017\/11\/30\/moradores-do-residencial-victoria_30\/"},"modified":"2019-02-09T01:54:49","modified_gmt":"2019-02-09T03:54:49","slug":"moradores-do-residencial-victoria_30","status":"publish","type":"post","link":"https:\/\/blogdoedvaldomagalhaes.com.br\/index.php\/2017\/11\/30\/moradores-do-residencial-victoria_30\/","title":{"rendered":"Moradores do Residencial Victoria protestam contra falta d&#8217;\u00e1gua"},"content":{"rendered":"<div class=\"separator\" style=\"clear: both; text-align: center;\">\n<a href=\"https:\/\/2.bp.blogspot.com\/-lxN_pAfxQ7g\/WiBH8R6D2iI\/AAAAAAAAlyc\/sdwvVS7YgjEnPOTvItOTKr9S1181x5I2QCLcBGAs\/s1600\/protesto.jpg\" imageanchor=\"1\" style=\"margin-left: 1em; margin-right: 1em;\"><img loading=\"lazy\" decoding=\"async\" border=\"0\" data-original-height=\"225\" data-original-width=\"400\" height=\"225\" src=\"http:\/\/blogdoedvaldomagalhaes.com.br\/wp-content\/uploads\/2017\/11\/protesto.jpg\" width=\"400\" \/><\/a><\/div>\n<div class=\"separator\" style=\"clear: both; text-align: center;\">\n<\/div>\n<div class=\"MsoNormal\" style=\"text-align: justify;\">\nMoradores do<br \/>\nResidencial Vit\u00f3ria, em Caruaru, reclamam que est\u00e3o h\u00e1 6 meses sem receber \u00e1gua<br \/>\nnas torneiras, e realizaram um protesto na rua Patr\u00edcio Santos, que fica ao lado da esta\u00e7\u00e3o elevat\u00f3ria do bairro Jos\u00e9 Carlos de Oliveira, na tarde desta quinta-feira (30).<\/div>\n<p><\/p>\n","protected":false},"excerpt":{"rendered":"<p>Moradores do Residencial Vit\u00f3ria, em Caruaru, reclamam que est\u00e3o h\u00e1 6 meses sem receber \u00e1gua nas torneiras, e realizaram um&hellip;<\/p>\n","protected":false},"author":1,"featured_media":0,"comment_status":"open","ping_status":"open","sticky":false,"template":"","format":"standard","meta":{"footnotes":""},"categories":[1],"tags":[1618,2,4591,6],"class_list":["post-3867","post","type-post","status-publish","format-standard","hentry","category-sem-categoria","tag-bairro-jose-carlos-de-oliveira","tag-blog-do-edvaldo-magalhaes","tag-moradores-do-residencial-victoria-protestam-contra-falta-dagua","tag-noticias"],"_links":{"self":[{"href":"https:\/\/blogdoedvaldomagalhaes.com.br\/index.php\/wp-json\/wp\/v2\/posts\/3867","targetHints":{"allow":["GET"]}}],"collection":[{"href":"https:\/\/blogdoedvaldomagalhaes.com.br\/index.php\/wp-json\/wp\/v2\/posts"}],"about":[{"href":"https:\/\/blogdoedvaldomagalhaes.com.br\/index.php\/wp-json\/wp\/v2\/types\/post"}],"author":[{"embeddable":true,"href":"https:\/\/blogdoedvaldomagalhaes.com.br\/index.php\/wp-json\/wp\/v2\/users\/1"}],"replies":[{"embeddable":true,"href":"https:\/\/blogdoedvaldomagalhaes.com.br\/index.php\/wp-json\/wp\/v2\/comments?post=3867"}],"version-history":[{"count":1,"href":"https:\/\/blogdoedvaldomagalhaes.com.br\/index.php\/wp-json\/wp\/v2\/posts\/3867\/revisions"}],"predecessor-version":[{"id":26680,"href":"https:\/\/blogdoedvaldomagalhaes.com.br\/index.php\/wp-json\/wp\/v2\/posts\/3867\/revisions\/26680"}],"wp:attachment":[{"href":"https:\/\/blogdoedvaldomagalhaes.com.br\/index.php\/wp-json\/wp\/v2\/media?parent=3867"}],"wp:term":[{"taxonomy":"category","embeddable":true,"href":"https:\/\/blogdoedvaldomagalhaes.com.br\/index.php\/wp-json\/wp\/v2\/categories?post=3867"},{"taxonomy":"post_tag","embeddable":true,"href":"https:\/\/blogdoedvaldomagalhaes.com.br\/index.php\/wp-json\/wp\/v2\/tags?post=3867"}],"curies":[{"name":"wp","href":"https:\/\/api.w.org\/{rel}","templated":true}]}}