{"id":3862,"date":"2017-11-30T23:04:00","date_gmt":"2017-12-01T01:04:00","guid":{"rendered":"http:\/\/blogdoedvaldomagalhaes.com.br\/index.php\/2017\/11\/30\/ministerio-publico-de-pernambuco\/"},"modified":"2019-02-09T01:54:51","modified_gmt":"2019-02-09T03:54:51","slug":"ministerio-publico-de-pernambuco","status":"publish","type":"post","link":"https:\/\/blogdoedvaldomagalhaes.com.br\/index.php\/2017\/11\/30\/ministerio-publico-de-pernambuco\/","title":{"rendered":"Minist\u00e9rio P\u00fablico de Pernambuco instaura mais um inqu\u00e9rito contra a Prefeitura de Caruaru"},"content":{"rendered":"<div class=\"separator\" style=\"clear: both; text-align: center;\">\n<a href=\"https:\/\/1.bp.blogspot.com\/-6jvb_DYqfoo\/WiCOcY59LxI\/AAAAAAAAl0E\/Zd0JuTInHEkuRjA090O67hCg8bhypQx7wCLcBGAs\/s1600\/pref.jpg\" imageanchor=\"1\" style=\"margin-left: 1em; margin-right: 1em;\"><img loading=\"lazy\" decoding=\"async\" border=\"0\" data-original-height=\"225\" data-original-width=\"400\" height=\"225\" src=\"http:\/\/blogdoedvaldomagalhaes.com.br\/wp-content\/uploads\/2017\/11\/pref.jpg\" width=\"400\" \/><\/a><\/div>\n<div style=\"background-color: white; box-sizing: border-box; line-height: 24px; margin-bottom: 10px; text-align: justify;\">\n<\/div>\n<div style=\"background-color: white; box-sizing: border-box; line-height: 24px; margin-bottom: 10px; text-align: justify;\">\nO Minist\u00e9rio P\u00fablico de Pernambuco (MPPE) instaurou inqu\u00e9rito civil para investigar supostas irregularidades na loca\u00e7\u00e3o de ve\u00edculos, na nomea\u00e7\u00e3o de cargos comissionados e na aquisi\u00e7\u00e3o de bebidas durante o S\u00e3o Jo\u00e3o. A decis\u00e3o do promotor de Justi\u00e7a, Marcus Tieppo, foi publicada no Di\u00e1rio Oficial.<\/div>\n<div style=\"background-color: white; box-sizing: border-box; line-height: 24px; margin-bottom: 10px; text-align: justify;\">\nDe acordo com o inqu\u00e9rito, uma construtora foi contratada por meio de dispensa de licita\u00e7\u00e3o, sob a alega\u00e7\u00e3o de situa\u00e7\u00e3o de emerg\u00eancia, para o fornecimento de 45 funcion\u00e1rios, e loca\u00e7\u00e3o de 15 ve\u00edculos tipo ca\u00e7amba, num valor total de R$ 1 milh\u00e3o 170 mil.<\/div>\n<div style=\"background-color: white; box-sizing: border-box; line-height: 24px; margin-bottom: 10px; text-align: justify;\">\nO documento tamb\u00e9m fala da den\u00fancia da contrata\u00e7\u00e3o irregular de tratores e m\u00e3o de obra, atrav\u00e9s de empresa interposta, em benef\u00edcio de particulares configurando nepotismo, em tese, no munic\u00edpio de Caruaru.<\/div>\n","protected":false},"excerpt":{"rendered":"<p>O Minist\u00e9rio P\u00fablico de Pernambuco (MPPE) instaurou inqu\u00e9rito civil para investigar supostas irregularidades na loca\u00e7\u00e3o de ve\u00edculos, na nomea\u00e7\u00e3o de&hellip;<\/p>\n","protected":false},"author":1,"featured_media":0,"comment_status":"open","ping_status":"open","sticky":false,"template":"","format":"standard","meta":{"footnotes":""},"categories":[1],"tags":[2,4584,20,1229],"class_list":["post-3862","post","type-post","status-publish","format-standard","hentry","category-sem-categoria","tag-blog-do-edvaldo-magalhaes","tag-ministerio-publico-de-pernambuco-instaura-mais-um-inquerito-contra-a-prefeitura-de-caruaru","tag-politica","tag-raquel-lyra"],"_links":{"self":[{"href":"https:\/\/blogdoedvaldomagalhaes.com.br\/index.php\/wp-json\/wp\/v2\/posts\/3862","targetHints":{"allow":["GET"]}}],"collection":[{"href":"https:\/\/blogdoedvaldomagalhaes.com.br\/index.php\/wp-json\/wp\/v2\/posts"}],"about":[{"href":"https:\/\/blogdoedvaldomagalhaes.com.br\/index.php\/wp-json\/wp\/v2\/types\/post"}],"author":[{"embeddable":true,"href":"https:\/\/blogdoedvaldomagalhaes.com.br\/index.php\/wp-json\/wp\/v2\/users\/1"}],"replies":[{"embeddable":true,"href":"https:\/\/blogdoedvaldomagalhaes.com.br\/index.php\/wp-json\/wp\/v2\/comments?post=3862"}],"version-history":[{"count":1,"href":"https:\/\/blogdoedvaldomagalhaes.com.br\/index.php\/wp-json\/wp\/v2\/posts\/3862\/revisions"}],"predecessor-version":[{"id":26690,"href":"https:\/\/blogdoedvaldomagalhaes.com.br\/index.php\/wp-json\/wp\/v2\/posts\/3862\/revisions\/26690"}],"wp:attachment":[{"href":"https:\/\/blogdoedvaldomagalhaes.com.br\/index.php\/wp-json\/wp\/v2\/media?parent=3862"}],"wp:term":[{"taxonomy":"category","embeddable":true,"href":"https:\/\/blogdoedvaldomagalhaes.com.br\/index.php\/wp-json\/wp\/v2\/categories?post=3862"},{"taxonomy":"post_tag","embeddable":true,"href":"https:\/\/blogdoedvaldomagalhaes.com.br\/index.php\/wp-json\/wp\/v2\/tags?post=3862"}],"curies":[{"name":"wp","href":"https:\/\/api.w.org\/{rel}","templated":true}]}}