{"id":3861,"date":"2017-11-30T23:24:00","date_gmt":"2017-12-01T01:24:00","guid":{"rendered":"http:\/\/blogdoedvaldomagalhaes.com.br\/index.php\/2017\/11\/30\/acao-de-agentes-da-prefeitura-de\/"},"modified":"2019-02-09T01:54:51","modified_gmt":"2019-02-09T03:54:51","slug":"acao-de-agentes-da-prefeitura-de","status":"publish","type":"post","link":"https:\/\/blogdoedvaldomagalhaes.com.br\/index.php\/2017\/11\/30\/acao-de-agentes-da-prefeitura-de\/","title":{"rendered":"A\u00e7\u00e3o de agentes da prefeitura de Caruaru causa constrangimento a moradores das Rendeiras. Presidente do Sismuc foi um deles"},"content":{"rendered":"<div class=\"separator\" style=\"clear: both; text-align: center;\">\n<a href=\"https:\/\/2.bp.blogspot.com\/-Da8c30jbGXU\/WiCTCvsUTWI\/AAAAAAAAl0Q\/J0tArqFiuH4E9XxmwHLyKX2N_Dil4ti9gCLcBGAs\/s1600\/indignado.jpg\" imageanchor=\"1\" style=\"margin-left: 1em; margin-right: 1em;\"><img loading=\"lazy\" decoding=\"async\" border=\"0\" data-original-height=\"134\" data-original-width=\"228\" height=\"236\" src=\"http:\/\/blogdoedvaldomagalhaes.com.br\/wp-content\/uploads\/2017\/11\/indignado.jpg\" width=\"400\" \/><\/a><\/div>\n<div class=\"separator\" style=\"clear: both; text-align: center;\">\n<\/div>\n<div style=\"background-color: white; border: 0px; margin-bottom: 1.5em; outline: 0px; padding: 0px; text-align: justify; vertical-align: baseline;\">\nUma a\u00e7\u00e3o desastrada de agentes da Secretaria de Finan\u00e7as de Caruaru, causou grande constrangimento \u00e0 v\u00e1rios moradores da avenida Major Jo\u00e3o Coelho, no bairro das Rendeiras, nesta quinta-feira (30). Acompanhados de duas viaturas da Guarda Municipal, que apenas deram apoio e n\u00e3o se envolveram na quest\u00e3o, agentes do setor de IPTU estiveram nas resid\u00eancias cobrando o pagamento do imposto. Fato at\u00e9 ent\u00e3o normal, at\u00e9 porque os propriet\u00e1rios tem procurado o setor de finan\u00e7as visando a regulariza\u00e7\u00e3o. Mas o que deixou as pessoas revoltadas, inclusive o presidente do Sismuc Regional, Eduardo Mendon\u00e7a, foi a maneira grosseira e desrespeitosa dos agentes da Sefaz, que chegaram nos im\u00f3veis fazendo at\u00e9 amea\u00e7a de fechar o local. A a\u00e7\u00e3o que pode ter tido como objetivo, segundo alguns moradores, causar constrangimento t\u00e3o somente ao presidente do Sismuc, Eduardo Mendon\u00e7a, propriet\u00e1rio de um dos estabelecimentos fiscalizados. Isso porque, de acordo com testemunhas o nome de Eduardo foi o \u00fanico mencionado pelos agentes.<\/div>\n<div style=\"background-color: white; border: 0px; outline: 0px; padding: 0px; text-align: justify; vertical-align: baseline;\">\nO caso revoltou os demais moradores, que indignados com o fato, decidiram que v\u00e3o acionar a justi\u00e7a contra a a\u00e7\u00e3o promovida por agentes da prefeitura de Caruaru. Ainda pela manh\u00e3, Eduardo Mendon\u00e7a esteve no F\u00f3rum, buscando informa\u00e7\u00f5es se havia algum processo da Sefaz Municipal sobre o mesmo, onde foi informado que nada consta. Diante disso, Mendon\u00e7a declarou que ir\u00e1 acionar o munic\u00edpio e os agentes em mais um processo, o de danos morais.<\/div>\n","protected":false},"excerpt":{"rendered":"<p>Uma a\u00e7\u00e3o desastrada de agentes da Secretaria de Finan\u00e7as de Caruaru, causou grande constrangimento \u00e0 v\u00e1rios moradores da avenida Major&hellip;<\/p>\n","protected":false},"author":1,"featured_media":0,"comment_status":"open","ping_status":"open","sticky":false,"template":"","format":"standard","meta":{"footnotes":""},"categories":[1],"tags":[4583,2,3236,6],"class_list":["post-3861","post","type-post","status-publish","format-standard","hentry","category-sem-categoria","tag-acao-de-agentes-da-prefeitura-de-caruaru-causa-constrangimento-a-moradores-das-rendeiras-presidente-do-sismuc-foi-um-deles","tag-blog-do-edvaldo-magalhaes","tag-eduardo-mendonca","tag-noticias"],"_links":{"self":[{"href":"https:\/\/blogdoedvaldomagalhaes.com.br\/index.php\/wp-json\/wp\/v2\/posts\/3861","targetHints":{"allow":["GET"]}}],"collection":[{"href":"https:\/\/blogdoedvaldomagalhaes.com.br\/index.php\/wp-json\/wp\/v2\/posts"}],"about":[{"href":"https:\/\/blogdoedvaldomagalhaes.com.br\/index.php\/wp-json\/wp\/v2\/types\/post"}],"author":[{"embeddable":true,"href":"https:\/\/blogdoedvaldomagalhaes.com.br\/index.php\/wp-json\/wp\/v2\/users\/1"}],"replies":[{"embeddable":true,"href":"https:\/\/blogdoedvaldomagalhaes.com.br\/index.php\/wp-json\/wp\/v2\/comments?post=3861"}],"version-history":[{"count":1,"href":"https:\/\/blogdoedvaldomagalhaes.com.br\/index.php\/wp-json\/wp\/v2\/posts\/3861\/revisions"}],"predecessor-version":[{"id":26692,"href":"https:\/\/blogdoedvaldomagalhaes.com.br\/index.php\/wp-json\/wp\/v2\/posts\/3861\/revisions\/26692"}],"wp:attachment":[{"href":"https:\/\/blogdoedvaldomagalhaes.com.br\/index.php\/wp-json\/wp\/v2\/media?parent=3861"}],"wp:term":[{"taxonomy":"category","embeddable":true,"href":"https:\/\/blogdoedvaldomagalhaes.com.br\/index.php\/wp-json\/wp\/v2\/categories?post=3861"},{"taxonomy":"post_tag","embeddable":true,"href":"https:\/\/blogdoedvaldomagalhaes.com.br\/index.php\/wp-json\/wp\/v2\/tags?post=3861"}],"curies":[{"name":"wp","href":"https:\/\/api.w.org\/{rel}","templated":true}]}}