{"id":3860,"date":"2017-12-01T10:38:00","date_gmt":"2017-12-01T12:38:00","guid":{"rendered":"http:\/\/blogdoedvaldomagalhaes.com.br\/index.php\/2017\/12\/01\/policia-civil-de-pernambuco-deflagra\/"},"modified":"2019-02-09T01:54:52","modified_gmt":"2019-02-09T03:54:52","slug":"policia-civil-de-pernambuco-deflagra","status":"publish","type":"post","link":"https:\/\/blogdoedvaldomagalhaes.com.br\/index.php\/2017\/12\/01\/policia-civil-de-pernambuco-deflagra\/","title":{"rendered":"Pol\u00edcia Civil de Pernambuco deflagra tr\u00eas Opera\u00e7\u00f5es para combater o tr\u00e1fico de drogas e homic\u00eddios"},"content":{"rendered":"<div class=\"separator\" style=\"clear: both; text-align: center;\">\n<a href=\"https:\/\/3.bp.blogspot.com\/-Xu1UOLXJE5o\/WiEw_TcM3LI\/AAAAAAAAl0s\/hvy47e-eI4QEGjCXGcJmaOx9V26OGZpwwCLcBGAs\/s1600\/pm.jpeg\" imageanchor=\"1\" style=\"margin-left: 1em; margin-right: 1em;\"><img loading=\"lazy\" decoding=\"async\" border=\"0\" data-original-height=\"499\" data-original-width=\"768\" height=\"258\" src=\"http:\/\/blogdoedvaldomagalhaes.com.br\/wp-content\/uploads\/2017\/12\/pm.jpeg\" width=\"400\" \/><\/a><\/div>\n<div style=\"background-color: white; box-sizing: border-box; line-height: 24px; margin-bottom: 10px; text-align: justify;\">\n<\/div>\n<div style=\"background-color: white; box-sizing: border-box; line-height: 24px; margin-bottom: 10px; text-align: justify;\">\nA Pol\u00edcia Civil de Pernambuco deflagrou, na manh\u00e3 desta sexta-feira (01), tr\u00eas Opera\u00e7\u00f5es de Repress\u00e3o Qualificada, todas voltadas para o combate ao tr\u00e1fico de drogas e homic\u00eddios. Foram cumpridos 33 mandados de pris\u00e3o.<\/div>\n<div style=\"background-color: white; box-sizing: border-box; line-height: 24px; margin-bottom: 10px; text-align: justify;\">\nA organiza\u00e7\u00e3o criminosa, atrav\u00e9s da negocia\u00e7\u00e3o de entorpecentes, fazia distribui\u00e7\u00e3o das drogas no Recife, Regi\u00e3o Metropolitana e Sert\u00e3o do Estado. Durante a investiga\u00e7\u00e3o da Opera\u00e7\u00e3o foram apreendidos ve\u00edculos, drogas e armas.<\/div>\n<div style=\"background-color: white; box-sizing: border-box; line-height: 24px; margin-bottom: 10px; text-align: justify;\">\nAs investiga\u00e7\u00f5es constataram que os principais l\u00edderes da organiza\u00e7\u00e3o j\u00e1 se encontravam presos Um dos l\u00edderes encontra-se atualmente em um pres\u00eddio federal devido a sua periculosidade.<\/div>\n<div style=\"background-color: white; box-sizing: border-box; line-height: 24px; margin-bottom: 10px; text-align: justify;\">\nOs detalhes parciais das opera\u00e7\u00f5es foram apresentados na sede do DEPATRI, no Recife. Na pr\u00f3xima semana haver\u00e1 coletiva de imprensa para apresenta\u00e7\u00e3o das investiga\u00e7\u00f5es.<\/div>\n","protected":false},"excerpt":{"rendered":"<p>A Pol\u00edcia Civil de Pernambuco deflagrou, na manh\u00e3 desta sexta-feira (01), tr\u00eas Opera\u00e7\u00f5es de Repress\u00e3o Qualificada, todas voltadas para o&hellip;<\/p>\n","protected":false},"author":1,"featured_media":0,"comment_status":"open","ping_status":"open","sticky":false,"template":"","format":"standard","meta":{"footnotes":""},"categories":[1],"tags":[2,4582,13],"class_list":["post-3860","post","type-post","status-publish","format-standard","hentry","category-sem-categoria","tag-blog-do-edvaldo-magalhaes","tag-policia-civil-de-pernambuco-deflagra-tres-operacoes-para-combater-o-trafico-de-drogas-e-homicidios","tag-policial"],"_links":{"self":[{"href":"https:\/\/blogdoedvaldomagalhaes.com.br\/index.php\/wp-json\/wp\/v2\/posts\/3860","targetHints":{"allow":["GET"]}}],"collection":[{"href":"https:\/\/blogdoedvaldomagalhaes.com.br\/index.php\/wp-json\/wp\/v2\/posts"}],"about":[{"href":"https:\/\/blogdoedvaldomagalhaes.com.br\/index.php\/wp-json\/wp\/v2\/types\/post"}],"author":[{"embeddable":true,"href":"https:\/\/blogdoedvaldomagalhaes.com.br\/index.php\/wp-json\/wp\/v2\/users\/1"}],"replies":[{"embeddable":true,"href":"https:\/\/blogdoedvaldomagalhaes.com.br\/index.php\/wp-json\/wp\/v2\/comments?post=3860"}],"version-history":[{"count":1,"href":"https:\/\/blogdoedvaldomagalhaes.com.br\/index.php\/wp-json\/wp\/v2\/posts\/3860\/revisions"}],"predecessor-version":[{"id":26694,"href":"https:\/\/blogdoedvaldomagalhaes.com.br\/index.php\/wp-json\/wp\/v2\/posts\/3860\/revisions\/26694"}],"wp:attachment":[{"href":"https:\/\/blogdoedvaldomagalhaes.com.br\/index.php\/wp-json\/wp\/v2\/media?parent=3860"}],"wp:term":[{"taxonomy":"category","embeddable":true,"href":"https:\/\/blogdoedvaldomagalhaes.com.br\/index.php\/wp-json\/wp\/v2\/categories?post=3860"},{"taxonomy":"post_tag","embeddable":true,"href":"https:\/\/blogdoedvaldomagalhaes.com.br\/index.php\/wp-json\/wp\/v2\/tags?post=3860"}],"curies":[{"name":"wp","href":"https:\/\/api.w.org\/{rel}","templated":true}]}}