{"id":3859,"date":"2017-12-01T10:40:00","date_gmt":"2017-12-01T12:40:00","guid":{"rendered":"http:\/\/blogdoedvaldomagalhaes.com.br\/index.php\/2017\/12\/01\/prf-apreende-carga-de-cigarros\/"},"modified":"2019-02-09T01:54:52","modified_gmt":"2019-02-09T03:54:52","slug":"prf-apreende-carga-de-cigarros","status":"publish","type":"post","link":"https:\/\/blogdoedvaldomagalhaes.com.br\/index.php\/2017\/12\/01\/prf-apreende-carga-de-cigarros\/","title":{"rendered":"PRF apreende carga de cigarros contrabandeados do Paraguai"},"content":{"rendered":"<div class=\"separator\" style=\"clear: both; text-align: center;\">\n<a href=\"https:\/\/3.bp.blogspot.com\/-zVvs50WpQUM\/WiExhPTVRsI\/AAAAAAAAl00\/2rRFzZIYJhoc44-kZ5JnjyCLsUXqqBKXgCLcBGAs\/s1600\/prf.jpeg\" imageanchor=\"1\" style=\"margin-left: 1em; margin-right: 1em;\"><img loading=\"lazy\" decoding=\"async\" border=\"0\" data-original-height=\"576\" data-original-width=\"1024\" height=\"225\" src=\"http:\/\/blogdoedvaldomagalhaes.com.br\/wp-content\/uploads\/2017\/12\/prf.jpeg\" width=\"400\" \/><\/a><\/div>\n<div style=\"background-color: white; box-sizing: border-box; line-height: 24px; margin-bottom: 10px; text-align: justify;\">\n<\/div>\n<div style=\"background-color: white; box-sizing: border-box; line-height: 24px; margin-bottom: 10px; text-align: justify;\">\nA Pol\u00edcia Rodovi\u00e1ria Federal (PRF) apreendeu um caminh\u00e3o carregado com ma\u00e7os de cigarro contrabandeado na BR-423, em Garanhuns. A mercadoria seria entregue em Natal, Rio Grande do Norte.<\/div>\n<div style=\"background-color: white; box-sizing: border-box; line-height: 24px; margin-bottom: 10px; text-align: justify;\">\nAgentes da PRF realizavam um comando de fiscaliza\u00e7\u00e3o no quil\u00f4metro 94 da rodovia quando deram ordem de parada a um caminh\u00e3o por suspeita de excesso de peso. O motorista apresentou duas Notas Fiscais que autorizavam o transporte de tomates.<\/div>\n<div style=\"background-color: white; box-sizing: border-box; line-height: 24px; margin-bottom: 10px; text-align: justify;\">\nEntretanto, ap\u00f3s verifica\u00e7\u00e3o minuciosa no interior do ve\u00edculo, os policiais encontraram diversos ma\u00e7os de cigarros de origem paraguaia escondidos entre a carga de tomates. Foi dada voz de pris\u00e3o ao condutor do ve\u00edculo e o valor estimado da carga ser\u00e1 avaliado posteriormente junto a Receita Federal.<\/div>\n<div style=\"background-color: white; box-sizing: border-box; line-height: 24px; margin-bottom: 10px; text-align: justify;\">\nO motorista foi encaminhado junto com a mercadoria e o ve\u00edculo para a Pol\u00edcia Federal em Caruaru. O crime de contrabando est\u00e1 previsto no artigo 334 do C\u00f3digo Penal e prev\u00ea pena de 2 a 5 anos de reclus\u00e3o.<\/div>\n","protected":false},"excerpt":{"rendered":"<p>A Pol\u00edcia Rodovi\u00e1ria Federal (PRF) apreendeu um caminh\u00e3o carregado com ma\u00e7os de cigarro contrabandeado na BR-423, em Garanhuns. A mercadoria&hellip;<\/p>\n","protected":false},"author":1,"featured_media":0,"comment_status":"open","ping_status":"open","sticky":false,"template":"","format":"standard","meta":{"footnotes":""},"categories":[1],"tags":[2,3782,13,4581],"class_list":["post-3859","post","type-post","status-publish","format-standard","hentry","category-sem-categoria","tag-blog-do-edvaldo-magalhaes","tag-garanhuns","tag-policial","tag-prf-apreende-carga-de-cigarros-contrabandeados-do-paraguai"],"_links":{"self":[{"href":"https:\/\/blogdoedvaldomagalhaes.com.br\/index.php\/wp-json\/wp\/v2\/posts\/3859","targetHints":{"allow":["GET"]}}],"collection":[{"href":"https:\/\/blogdoedvaldomagalhaes.com.br\/index.php\/wp-json\/wp\/v2\/posts"}],"about":[{"href":"https:\/\/blogdoedvaldomagalhaes.com.br\/index.php\/wp-json\/wp\/v2\/types\/post"}],"author":[{"embeddable":true,"href":"https:\/\/blogdoedvaldomagalhaes.com.br\/index.php\/wp-json\/wp\/v2\/users\/1"}],"replies":[{"embeddable":true,"href":"https:\/\/blogdoedvaldomagalhaes.com.br\/index.php\/wp-json\/wp\/v2\/comments?post=3859"}],"version-history":[{"count":1,"href":"https:\/\/blogdoedvaldomagalhaes.com.br\/index.php\/wp-json\/wp\/v2\/posts\/3859\/revisions"}],"predecessor-version":[{"id":26696,"href":"https:\/\/blogdoedvaldomagalhaes.com.br\/index.php\/wp-json\/wp\/v2\/posts\/3859\/revisions\/26696"}],"wp:attachment":[{"href":"https:\/\/blogdoedvaldomagalhaes.com.br\/index.php\/wp-json\/wp\/v2\/media?parent=3859"}],"wp:term":[{"taxonomy":"category","embeddable":true,"href":"https:\/\/blogdoedvaldomagalhaes.com.br\/index.php\/wp-json\/wp\/v2\/categories?post=3859"},{"taxonomy":"post_tag","embeddable":true,"href":"https:\/\/blogdoedvaldomagalhaes.com.br\/index.php\/wp-json\/wp\/v2\/tags?post=3859"}],"curies":[{"name":"wp","href":"https:\/\/api.w.org\/{rel}","templated":true}]}}