{"id":3858,"date":"2017-12-01T10:42:00","date_gmt":"2017-12-01T12:42:00","guid":{"rendered":"http:\/\/blogdoedvaldomagalhaes.com.br\/index.php\/2017\/12\/01\/vereador-da-base-do-governo-afirma-que\/"},"modified":"2019-02-09T01:54:52","modified_gmt":"2019-02-09T03:54:52","slug":"vereador-da-base-do-governo-afirma-que","status":"publish","type":"post","link":"https:\/\/blogdoedvaldomagalhaes.com.br\/index.php\/2017\/12\/01\/vereador-da-base-do-governo-afirma-que\/","title":{"rendered":"Vereador da base do governo afirma que est\u00e1 revoltado por n\u00e3o ter pedidos atendidos pela gest\u00e3o"},"content":{"rendered":"<div class=\"separator\" style=\"clear: both; text-align: center;\">\n<a href=\"https:\/\/3.bp.blogspot.com\/-0K_CE4al7_o\/WiExxJbzEYI\/AAAAAAAAl04\/9vouCtkcuHIgG8AnXwQo0hEtINv0EaNPACLcBGAs\/s1600\/duda.jpg\" imageanchor=\"1\" style=\"margin-left: 1em; margin-right: 1em;\"><img loading=\"lazy\" decoding=\"async\" border=\"0\" data-original-height=\"502\" data-original-width=\"670\" height=\"298\" src=\"http:\/\/blogdoedvaldomagalhaes.com.br\/wp-content\/uploads\/2017\/12\/duda.jpg\" width=\"400\" \/><\/a><\/div>\n<div class=\"separator\" style=\"clear: both; text-align: justify;\">\n<\/div>\n<div class=\"separator\" style=\"clear: both; text-align: justify;\">\nO vereador Duda do Vassoural (PRTB), usou a Tribuna da C\u00e2mara Municipal de Caruaru,nessa quinta-feira (30), e afirmou: &#8221; estou revoltado, pois meus pedidos n\u00e3o est\u00e3o sendo atendidos pela gest\u00e3o municipal. No governo passado eu at\u00e9 entendo, aja vista que era da oposi\u00e7\u00e3o, mas agora, n\u00e3o entendo, j\u00e1 que sou da bancada de situa\u00e7\u00e3o&#8221;.<\/div>\n<div class=\"separator\" style=\"clear: both; text-align: justify;\">\n<\/div>\n<div class=\"separator\" style=\"clear: both; text-align: justify;\">\nDuda do Vassoural (PRTB) \u00e9 pr\u00e9-candidato a deputado federal por Caruaru nas pr\u00f3ximas elei\u00e7\u00f5es.<\/div>\n<p><\/p>\n","protected":false},"excerpt":{"rendered":"<p>O vereador Duda do Vassoural (PRTB), usou a Tribuna da C\u00e2mara Municipal de Caruaru,nessa quinta-feira (30), e afirmou: &#8221; estou&hellip;<\/p>\n","protected":false},"author":1,"featured_media":0,"comment_status":"open","ping_status":"open","sticky":false,"template":"","format":"standard","meta":{"footnotes":""},"categories":[1],"tags":[2,4579,20,1991,4580],"class_list":["post-3858","post","type-post","status-publish","format-standard","hentry","category-sem-categoria","tag-blog-do-edvaldo-magalhaes","tag-duda-do-vassoural","tag-politica","tag-prtb","tag-vereador-da-base-do-governo-afirma-que-esta-revoltado-por-nao-ter-pedidos-atendidos-pela-gestao"],"_links":{"self":[{"href":"https:\/\/blogdoedvaldomagalhaes.com.br\/index.php\/wp-json\/wp\/v2\/posts\/3858","targetHints":{"allow":["GET"]}}],"collection":[{"href":"https:\/\/blogdoedvaldomagalhaes.com.br\/index.php\/wp-json\/wp\/v2\/posts"}],"about":[{"href":"https:\/\/blogdoedvaldomagalhaes.com.br\/index.php\/wp-json\/wp\/v2\/types\/post"}],"author":[{"embeddable":true,"href":"https:\/\/blogdoedvaldomagalhaes.com.br\/index.php\/wp-json\/wp\/v2\/users\/1"}],"replies":[{"embeddable":true,"href":"https:\/\/blogdoedvaldomagalhaes.com.br\/index.php\/wp-json\/wp\/v2\/comments?post=3858"}],"version-history":[{"count":1,"href":"https:\/\/blogdoedvaldomagalhaes.com.br\/index.php\/wp-json\/wp\/v2\/posts\/3858\/revisions"}],"predecessor-version":[{"id":26698,"href":"https:\/\/blogdoedvaldomagalhaes.com.br\/index.php\/wp-json\/wp\/v2\/posts\/3858\/revisions\/26698"}],"wp:attachment":[{"href":"https:\/\/blogdoedvaldomagalhaes.com.br\/index.php\/wp-json\/wp\/v2\/media?parent=3858"}],"wp:term":[{"taxonomy":"category","embeddable":true,"href":"https:\/\/blogdoedvaldomagalhaes.com.br\/index.php\/wp-json\/wp\/v2\/categories?post=3858"},{"taxonomy":"post_tag","embeddable":true,"href":"https:\/\/blogdoedvaldomagalhaes.com.br\/index.php\/wp-json\/wp\/v2\/tags?post=3858"}],"curies":[{"name":"wp","href":"https:\/\/api.w.org\/{rel}","templated":true}]}}