{"id":38521,"date":"2019-02-14T13:17:40","date_gmt":"2019-02-14T16:17:40","guid":{"rendered":"http:\/\/blogdoedvaldomagalhaes.com.br\/?p=38521"},"modified":"2019-02-14T21:32:35","modified_gmt":"2019-02-15T00:32:35","slug":"policia-prende-quadrilha-que-passava-por-policiais-e-fez-familia-refem-em-caruaru","status":"publish","type":"post","link":"https:\/\/blogdoedvaldomagalhaes.com.br\/index.php\/2019\/02\/14\/policia-prende-quadrilha-que-passava-por-policiais-e-fez-familia-refem-em-caruaru\/","title":{"rendered":"Policia prende quadrilha que se passava por policiais e fez fam\u00edlia ref\u00e9m em Caruaru"},"content":{"rendered":"\n<p>Policiais militares do 1\u00ba BIEsp abortaram, na madrugada desta quinta-feira (14), um assalto a uma casa, na Rua dos Sapateiros, no Centro de Caruaru. Quatro suspeitos foram capturados, sendo tr\u00eas que foram cercados dentro da resid\u00eancia. O outro fugiu em um ve\u00edculo Sandero, mas perdeu o controle do carro, bateu em um muro no Jardim Liberdade e foi capturado.<\/p>\n\n\n\n<p>O efetivo foi acionado por r\u00e1dio sobre o assalto, quando uma fam\u00edlia estava sendo feita ref\u00e9m, e se deslocou para o local. Ao chegar, foi recebido a tiros pelo grupo, que estava usando roupas da Pol\u00edcia Civil.<\/p>\n\n\n\n<p>Foram presos: Eraldo Barbosa de Lima, de 38 anos; Bruno Maycon Siqueira de Amorim, de 42 anos; Mois\u00e9s Francisco Anacleto, de 49 anos e Jos\u00e9 Edmilson Policarto, de 37 anos, que estavam usando fardamentos e distintivos da Pol\u00edcia Civil, uma pistola calibre 380 municiada, uma toca-ninja, um ve\u00edculo Renault Sandero prata e a import\u00e2ncia de 37 mil reais. O quinto, identificado por Fernando, conseguiu se evadir. Eles bateram a porta, quando a v\u00edtima abriu os indiv\u00edduos se apresentaram como policiais, apresentaram um papel informando que era um Mandado de Busca Domiciliar e quando a v\u00edtima abriu a porta os marginais anunciaram o assalto e fizeram o empres\u00e1rio e a fam\u00edlia ref\u00e9ns, nisso os vizinhos ouviram o barulho e ligaram para a Pol\u00edcia Militar que foi ao local, houve troca de tiros e dois dos marginais conseguiram fugir, um numa moto e o outro no Renault, uma guarni\u00e7\u00e3o foi atr\u00e1s do carro e o motorista colidiu no muro de uma casa no bairro Jardim Liberdade e foi preso pela PM. Quem deu a dica aos demais integrantes da quadrilha que o comerciante guardava dinheiro em casa foi o Fernando que mora em Caruaru.<\/p>\n\n\n\n<p>Os bandidos foram autuados em flagrante pelos crimes de tentativa de homic\u00eddio, uso de documentos falsos e c\u00e1rcere privado e ser\u00e3o apresentados amanh\u00e3 na audi\u00eancia de cust\u00f3dia e pelo menos tr\u00eas deles j\u00e1 foram presos e moram no Recife.<\/p>\n\n\n\n<p><\/p>\n\n\n\n<figure class=\"wp-block-image\"><img loading=\"lazy\" decoding=\"async\" width=\"1024\" height=\"576\" src=\"http:\/\/blogdoedvaldomagalhaes.com.br\/wp-content\/uploads\/2019\/02\/IMG-20190214-WA0034-1024x576.jpg\" alt=\"\" class=\"wp-image-38525\" srcset=\"https:\/\/blogdoedvaldomagalhaes.com.br\/wp-content\/uploads\/2019\/02\/IMG-20190214-WA0034-1024x576.jpg 1024w, https:\/\/blogdoedvaldomagalhaes.com.br\/wp-content\/uploads\/2019\/02\/IMG-20190214-WA0034-300x169.jpg 300w, https:\/\/blogdoedvaldomagalhaes.com.br\/wp-content\/uploads\/2019\/02\/IMG-20190214-WA0034-768x432.jpg 768w, https:\/\/blogdoedvaldomagalhaes.com.br\/wp-content\/uploads\/2019\/02\/IMG-20190214-WA0034-720x405.jpg 720w, https:\/\/blogdoedvaldomagalhaes.com.br\/wp-content\/uploads\/2019\/02\/IMG-20190214-WA0034.jpg 1032w\" sizes=\"auto, (max-width: 1024px) 100vw, 1024px\" \/><\/figure>\n\n\n\n<figure class=\"wp-block-image\"><img loading=\"lazy\" decoding=\"async\" width=\"576\" height=\"1024\" src=\"http:\/\/blogdoedvaldomagalhaes.com.br\/wp-content\/uploads\/2019\/02\/IMG-20190214-WA0023-576x1024.jpg\" alt=\"\" class=\"wp-image-38526\" srcset=\"https:\/\/blogdoedvaldomagalhaes.com.br\/wp-content\/uploads\/2019\/02\/IMG-20190214-WA0023-576x1024.jpg 576w, https:\/\/blogdoedvaldomagalhaes.com.br\/wp-content\/uploads\/2019\/02\/IMG-20190214-WA0023-169x300.jpg 169w, https:\/\/blogdoedvaldomagalhaes.com.br\/wp-content\/uploads\/2019\/02\/IMG-20190214-WA0023.jpg 720w\" sizes=\"auto, (max-width: 576px) 100vw, 576px\" \/><\/figure>\n\n\n\n<figure class=\"wp-block-image\"><img loading=\"lazy\" decoding=\"async\" width=\"576\" height=\"1024\" src=\"http:\/\/blogdoedvaldomagalhaes.com.br\/wp-content\/uploads\/2019\/02\/IMG-20190214-WA0070-576x1024.jpg\" alt=\"\" class=\"wp-image-38527\" srcset=\"https:\/\/blogdoedvaldomagalhaes.com.br\/wp-content\/uploads\/2019\/02\/IMG-20190214-WA0070-576x1024.jpg 576w, https:\/\/blogdoedvaldomagalhaes.com.br\/wp-content\/uploads\/2019\/02\/IMG-20190214-WA0070-169x300.jpg 169w, https:\/\/blogdoedvaldomagalhaes.com.br\/wp-content\/uploads\/2019\/02\/IMG-20190214-WA0070.jpg 720w\" sizes=\"auto, (max-width: 576px) 100vw, 576px\" \/><\/figure>\n\n\n\n<figure class=\"wp-block-image\"><img loading=\"lazy\" decoding=\"async\" width=\"1024\" height=\"768\" src=\"http:\/\/blogdoedvaldomagalhaes.com.br\/wp-content\/uploads\/2019\/02\/IMG-20190214-WA0085-1024x768.jpg\" alt=\"\" class=\"wp-image-38561\" srcset=\"https:\/\/blogdoedvaldomagalhaes.com.br\/wp-content\/uploads\/2019\/02\/IMG-20190214-WA0085-1024x768.jpg 1024w, https:\/\/blogdoedvaldomagalhaes.com.br\/wp-content\/uploads\/2019\/02\/IMG-20190214-WA0085-300x225.jpg 300w, https:\/\/blogdoedvaldomagalhaes.com.br\/wp-content\/uploads\/2019\/02\/IMG-20190214-WA0085-768x576.jpg 768w, https:\/\/blogdoedvaldomagalhaes.com.br\/wp-content\/uploads\/2019\/02\/IMG-20190214-WA0085-160x120.jpg 160w, https:\/\/blogdoedvaldomagalhaes.com.br\/wp-content\/uploads\/2019\/02\/IMG-20190214-WA0085.jpg 1280w\" sizes=\"auto, (max-width: 1024px) 100vw, 1024px\" \/><\/figure>\n","protected":false},"excerpt":{"rendered":"<p>Policiais militares do 1\u00ba BIEsp abortaram, na madrugada desta quinta-feira (14), um assalto a uma casa, na Rua dos Sapateiros,&hellip;<\/p>\n","protected":false},"author":1,"featured_media":38522,"comment_status":"closed","ping_status":"open","sticky":false,"template":"","format":"standard","meta":{"footnotes":""},"categories":[14121],"tags":[14180,2,3119,13],"class_list":["post-38521","post","type-post","status-publish","format-standard","has-post-thumbnail","hentry","category-policial","tag-1o-biesp","tag-blog-do-edvaldo-magalhaes","tag-policia-civil","tag-policial"],"_links":{"self":[{"href":"https:\/\/blogdoedvaldomagalhaes.com.br\/index.php\/wp-json\/wp\/v2\/posts\/38521","targetHints":{"allow":["GET"]}}],"collection":[{"href":"https:\/\/blogdoedvaldomagalhaes.com.br\/index.php\/wp-json\/wp\/v2\/posts"}],"about":[{"href":"https:\/\/blogdoedvaldomagalhaes.com.br\/index.php\/wp-json\/wp\/v2\/types\/post"}],"author":[{"embeddable":true,"href":"https:\/\/blogdoedvaldomagalhaes.com.br\/index.php\/wp-json\/wp\/v2\/users\/1"}],"replies":[{"embeddable":true,"href":"https:\/\/blogdoedvaldomagalhaes.com.br\/index.php\/wp-json\/wp\/v2\/comments?post=38521"}],"version-history":[{"count":6,"href":"https:\/\/blogdoedvaldomagalhaes.com.br\/index.php\/wp-json\/wp\/v2\/posts\/38521\/revisions"}],"predecessor-version":[{"id":38562,"href":"https:\/\/blogdoedvaldomagalhaes.com.br\/index.php\/wp-json\/wp\/v2\/posts\/38521\/revisions\/38562"}],"wp:featuredmedia":[{"embeddable":true,"href":"https:\/\/blogdoedvaldomagalhaes.com.br\/index.php\/wp-json\/wp\/v2\/media\/38522"}],"wp:attachment":[{"href":"https:\/\/blogdoedvaldomagalhaes.com.br\/index.php\/wp-json\/wp\/v2\/media?parent=38521"}],"wp:term":[{"taxonomy":"category","embeddable":true,"href":"https:\/\/blogdoedvaldomagalhaes.com.br\/index.php\/wp-json\/wp\/v2\/categories?post=38521"},{"taxonomy":"post_tag","embeddable":true,"href":"https:\/\/blogdoedvaldomagalhaes.com.br\/index.php\/wp-json\/wp\/v2\/tags?post=38521"}],"curies":[{"name":"wp","href":"https:\/\/api.w.org\/{rel}","templated":true}]}}