{"id":3852,"date":"2017-12-01T13:36:00","date_gmt":"2017-12-01T15:36:00","guid":{"rendered":"http:\/\/blogdoedvaldomagalhaes.com.br\/index.php\/2017\/12\/01\/policia-militar-prende-tres-assaltantes\/"},"modified":"2019-02-09T01:54:56","modified_gmt":"2019-02-09T03:54:56","slug":"policia-militar-prende-tres-assaltantes","status":"publish","type":"post","link":"https:\/\/blogdoedvaldomagalhaes.com.br\/index.php\/2017\/12\/01\/policia-militar-prende-tres-assaltantes\/","title":{"rendered":"Pol\u00edcia Militar prende tr\u00eas assaltantes em Caruaru"},"content":{"rendered":"<div class=\"separator\" style=\"clear: both; text-align: center;\">\n<a href=\"https:\/\/2.bp.blogspot.com\/-62fOV8nTYf0\/WiFaDi3EY4I\/AAAAAAAAl20\/NWMWS0n0ay8NJR5D7g70A_Lh5zURvGlDwCLcBGAs\/s1600\/Pm%2B%25283%2529.jpg\" imageanchor=\"1\" style=\"margin-left: 1em; margin-right: 1em;\"><img loading=\"lazy\" decoding=\"async\" border=\"0\" data-original-height=\"581\" data-original-width=\"1032\" height=\"225\" src=\"http:\/\/blogdoedvaldomagalhaes.com.br\/wp-content\/uploads\/2017\/12\/Pm28329.jpg\" width=\"400\" \/><\/a><\/div>\n<div class=\"separator\" style=\"clear: both; text-align: center;\">\nFotos: Dayvson Robert<\/div>\n<div class=\"separator\" style=\"clear: both; text-align: center;\">\n<\/div>\n<p><\/p>\n<div class=\"separator\" style=\"clear: both; text-align: center;\">\n<\/div>\n<div class=\"separator\" style=\"clear: both; text-align: center;\">\n<\/div>\n<div class=\"MsoNormal\" style=\"line-height: normal; margin-bottom: .0001pt; margin-bottom: 0cm; text-align: justify;\">\nNa noite dessa quinta-feira (30) Policiais Militares do 1\u00ba BIEsp prenderam Jos\u00e9 Carlos de Lima, de 19 anos, morador do Residencial&nbsp;Alto do Moura e Gilberto Costa das Neves J\u00fanior, de 28 anos, este \u00faltimo foragido do Centro de Ressocializa\u00e7\u00e3o do Agreste, em Canhotinho. Os dois s\u00e3o acusados de&nbsp;roubar uma<br \/>\nmulher quando ela estava saindo da agencia da Caixa Econ\u00f4mica Federal entre a rua Visconde de Inha\u00fama e avenida Agamenon Magalh\u00e3es, no bairro Maur\u00edcio de Nassau. Os dois s\u00e3o acusados de sequestrar um jovem e de mante-lo o ref\u00e9m, at\u00e9 sacar dinheiro na conta do jovem que estava em um ve\u00edculo<br \/>\nFiat.<\/p>\n<p><\/p>\n<div class=\"separator\" style=\"clear: both; text-align: center;\">\n<a href=\"https:\/\/4.bp.blogspot.com\/--G0dA7FlaQ8\/WiGFrj90OXI\/AAAAAAAAl4M\/f-Tv0MdEx0slIinQd09jq-ejlM2MfGgDgCLcBGAs\/s1600\/pm%2B1.jpg\" imageanchor=\"1\" style=\"margin-left: 1em; margin-right: 1em;\"><img loading=\"lazy\" decoding=\"async\" border=\"0\" data-original-height=\"225\" data-original-width=\"400\" height=\"225\" src=\"http:\/\/blogdoedvaldomagalhaes.com.br\/wp-content\/uploads\/2017\/12\/pm1.jpg\" width=\"400\" \/><\/a><\/div>\n<p>\nOs suspeitos n\u00e3o conseguiram pegar o dinheiro do jovem, porque ele j\u00e1 havia realizado saques na data. Na sa\u00edda do banco, eles acabaram sendo presos em flagrante por policiais do Bope. Todos foram encaminhados para a Delegacia de Plant\u00e3o. Tanto Jos\u00e9 Carlos como Gilberto Costa passaram por audi\u00eancia de cust\u00f3dia enquanto o menor foi apresentado ao Minist\u00e9rio P\u00fablico de Caruaru.<\/div>\n<div class=\"MsoNormal\" style=\"background: white; margin-bottom: .0001pt; margin-bottom: 0cm; mso-line-height-alt: 13.8pt; text-align: justify;\">\n<div class=\"separator\" style=\"clear: both; text-align: center;\">\n<a href=\"https:\/\/2.bp.blogspot.com\/--mCZiO7qoGU\/WiGFwSBMYPI\/AAAAAAAAl4Q\/xMZjNk1I5-wAFl2JPwAA-GKxwIU-LR9wACLcBGAs\/s1600\/pm%2B2.jpg\" imageanchor=\"1\" style=\"margin-left: 1em; margin-right: 1em;\"><img loading=\"lazy\" decoding=\"async\" border=\"0\" data-original-height=\"225\" data-original-width=\"400\" height=\"225\" src=\"http:\/\/blogdoedvaldomagalhaes.com.br\/wp-content\/uploads\/2017\/12\/pm2.jpg\" width=\"400\" \/><\/a><\/div>\n<\/div>\n<p><\/p>\n","protected":false},"excerpt":{"rendered":"<p>Fotos: Dayvson Robert Na noite dessa quinta-feira (30) Policiais Militares do 1\u00ba BIEsp prenderam Jos\u00e9 Carlos de Lima, de 19&hellip;<\/p>\n","protected":false},"author":1,"featured_media":0,"comment_status":"open","ping_status":"open","sticky":false,"template":"","format":"standard","meta":{"footnotes":""},"categories":[1],"tags":[2,4571,13],"class_list":["post-3852","post","type-post","status-publish","format-standard","hentry","category-sem-categoria","tag-blog-do-edvaldo-magalhaes","tag-policia-militar-prende-tres-assaltantes-em-caruaru","tag-policial"],"_links":{"self":[{"href":"https:\/\/blogdoedvaldomagalhaes.com.br\/index.php\/wp-json\/wp\/v2\/posts\/3852","targetHints":{"allow":["GET"]}}],"collection":[{"href":"https:\/\/blogdoedvaldomagalhaes.com.br\/index.php\/wp-json\/wp\/v2\/posts"}],"about":[{"href":"https:\/\/blogdoedvaldomagalhaes.com.br\/index.php\/wp-json\/wp\/v2\/types\/post"}],"author":[{"embeddable":true,"href":"https:\/\/blogdoedvaldomagalhaes.com.br\/index.php\/wp-json\/wp\/v2\/users\/1"}],"replies":[{"embeddable":true,"href":"https:\/\/blogdoedvaldomagalhaes.com.br\/index.php\/wp-json\/wp\/v2\/comments?post=3852"}],"version-history":[{"count":1,"href":"https:\/\/blogdoedvaldomagalhaes.com.br\/index.php\/wp-json\/wp\/v2\/posts\/3852\/revisions"}],"predecessor-version":[{"id":26711,"href":"https:\/\/blogdoedvaldomagalhaes.com.br\/index.php\/wp-json\/wp\/v2\/posts\/3852\/revisions\/26711"}],"wp:attachment":[{"href":"https:\/\/blogdoedvaldomagalhaes.com.br\/index.php\/wp-json\/wp\/v2\/media?parent=3852"}],"wp:term":[{"taxonomy":"category","embeddable":true,"href":"https:\/\/blogdoedvaldomagalhaes.com.br\/index.php\/wp-json\/wp\/v2\/categories?post=3852"},{"taxonomy":"post_tag","embeddable":true,"href":"https:\/\/blogdoedvaldomagalhaes.com.br\/index.php\/wp-json\/wp\/v2\/tags?post=3852"}],"curies":[{"name":"wp","href":"https:\/\/api.w.org\/{rel}","templated":true}]}}