{"id":38356,"date":"2019-02-12T12:29:05","date_gmt":"2019-02-12T15:29:05","guid":{"rendered":"http:\/\/blogdoedvaldomagalhaes.com.br\/?p=38356"},"modified":"2019-02-12T21:42:09","modified_gmt":"2019-02-13T00:42:09","slug":"ministerio-publico-federal-em-caruaru-convoca-reuniao-para-tratar-da-barragem-de-jucazinho","status":"publish","type":"post","link":"https:\/\/blogdoedvaldomagalhaes.com.br\/index.php\/2019\/02\/12\/ministerio-publico-federal-em-caruaru-convoca-reuniao-para-tratar-da-barragem-de-jucazinho\/","title":{"rendered":"Minist\u00e9rio P\u00fablico Federal em Caruaru convoca reuni\u00e3o para tratar da Barragem de Jucazinho"},"content":{"rendered":"\n<p>O Minist\u00e9rio P\u00fablico Federal (MPF) em Caruaru vai promover reuni\u00e3o, em 18 de fevereiro, na sede do \u00f3rg\u00e3o, para tratar do andamento das obras de recupera\u00e7\u00e3o e adequa\u00e7\u00e3o da Barragem de Jucazinho, localizada em Surubim, Agreste pernambucano. Tamb\u00e9m estar\u00e3o em pauta a atual situa\u00e7\u00e3o do reservat\u00f3rio e as previs\u00f5es clim\u00e1ticas para a regi\u00e3o. O respons\u00e1vel pelo caso \u00e9 o procurador da Rep\u00fablica Luiz Ant\u00f4nio Miranda Amorim Silva.<\/p>\n\n\n\n<p>Foi solicitada a participa\u00e7\u00e3o de representantes do Departamento Nacional de Obras contra as Secas (Dnocs), Secretaria de Controle Externo do Tribunal de Contas da Uni\u00e3o (TCU) em Pernambuco e Ag\u00eancia Pernambucana de \u00c1guas e Clima (Apac). O MPF solicitou ainda o comparecimento da Construtora Sucesso S\/A, contrata para realizar as obras complementares na barragem, bem como da MMC Engenharia, encarregada da supervis\u00e3o das obras.<\/p>\n\n\n\n<p>O MPF acompanha as medidas para reparo e readequa\u00e7\u00e3o da barragem desde 2016, por meio da expedi\u00e7\u00e3o de recomenda\u00e7\u00f5es, promo\u00e7\u00e3o de reuni\u00f5es e atua\u00e7\u00e3o judicial para garantir recursos para as obras. O procurador da Rep\u00fablica entende ser necess\u00e1rio seguir no acompanhamento da quest\u00e3o, que apresenta complexidade t\u00e9cnica, alto custo financeiro e requer, ao mesmo tempo, atua\u00e7\u00e3o r\u00e1pida da Administra\u00e7\u00e3o P\u00fablica.<\/p>\n\n\n\n<p>As obras da barragem, que haviam sido suspensas por medida cautelar do TCU, ser\u00e3o retomadas diante da necessidade emergencial de recuperar partes da estrutura do reservat\u00f3rio. Os ind\u00edcios de irregularidades no projeto identificados pelo TCU ser\u00e3o tamb\u00e9m apurados pelo MPF, em outro inqu\u00e9rito civil, vinculado \u00e0 5\u00aa C\u00e2mara de Coordena\u00e7\u00e3o e Revis\u00e3o do \u00f3rg\u00e3o.<\/p>\n\n\n\n<div class=\"wp-block-image\"><figure class=\"aligncenter\"><img loading=\"lazy\" decoding=\"async\" width=\"502\" height=\"100\" src=\"http:\/\/blogdoedvaldomagalhaes.com.br\/wp-content\/uploads\/2019\/02\/Todos-Comerciais.gif\" alt=\"\" class=\"wp-image-38397\"\/><\/figure><\/div>\n","protected":false},"excerpt":{"rendered":"<p>O Minist\u00e9rio P\u00fablico Federal (MPF) em Caruaru vai promover reuni\u00e3o, em 18 de fevereiro, na sede do \u00f3rg\u00e3o, para tratar&hellip;<\/p>\n","protected":false},"author":1,"featured_media":38357,"comment_status":"closed","ping_status":"open","sticky":false,"template":"","format":"standard","meta":{"footnotes":""},"categories":[14120],"tags":[5034,14149,14150,14148,14147,14151,13979],"class_list":["post-38356","post","type-post","status-publish","format-standard","has-post-thumbnail","hentry","category-noticias","tag-apac","tag-departamento-nacional-de-obras-contra-as-secas","tag-dnocs","tag-luiz-antonio-miranda-amorim-silva","tag-ministerio-publico-federal-em-caruaru-convoca-reuniao-para-tratar-da-barragem-de-jucazinho","tag-mpf","tag-tcu"],"_links":{"self":[{"href":"https:\/\/blogdoedvaldomagalhaes.com.br\/index.php\/wp-json\/wp\/v2\/posts\/38356","targetHints":{"allow":["GET"]}}],"collection":[{"href":"https:\/\/blogdoedvaldomagalhaes.com.br\/index.php\/wp-json\/wp\/v2\/posts"}],"about":[{"href":"https:\/\/blogdoedvaldomagalhaes.com.br\/index.php\/wp-json\/wp\/v2\/types\/post"}],"author":[{"embeddable":true,"href":"https:\/\/blogdoedvaldomagalhaes.com.br\/index.php\/wp-json\/wp\/v2\/users\/1"}],"replies":[{"embeddable":true,"href":"https:\/\/blogdoedvaldomagalhaes.com.br\/index.php\/wp-json\/wp\/v2\/comments?post=38356"}],"version-history":[{"count":2,"href":"https:\/\/blogdoedvaldomagalhaes.com.br\/index.php\/wp-json\/wp\/v2\/posts\/38356\/revisions"}],"predecessor-version":[{"id":38400,"href":"https:\/\/blogdoedvaldomagalhaes.com.br\/index.php\/wp-json\/wp\/v2\/posts\/38356\/revisions\/38400"}],"wp:featuredmedia":[{"embeddable":true,"href":"https:\/\/blogdoedvaldomagalhaes.com.br\/index.php\/wp-json\/wp\/v2\/media\/38357"}],"wp:attachment":[{"href":"https:\/\/blogdoedvaldomagalhaes.com.br\/index.php\/wp-json\/wp\/v2\/media?parent=38356"}],"wp:term":[{"taxonomy":"category","embeddable":true,"href":"https:\/\/blogdoedvaldomagalhaes.com.br\/index.php\/wp-json\/wp\/v2\/categories?post=38356"},{"taxonomy":"post_tag","embeddable":true,"href":"https:\/\/blogdoedvaldomagalhaes.com.br\/index.php\/wp-json\/wp\/v2\/tags?post=38356"}],"curies":[{"name":"wp","href":"https:\/\/api.w.org\/{rel}","templated":true}]}}