{"id":38351,"date":"2019-02-12T07:51:00","date_gmt":"2019-02-12T10:51:00","guid":{"rendered":"http:\/\/blogdoedvaldomagalhaes.com.br\/?p=38351"},"modified":"2019-02-12T21:41:13","modified_gmt":"2019-02-13T00:41:13","slug":"motorista-de-carro-que-matou-jovem-gravida-em-caruaru-e-identificado-pela-policia-e-bebe-morreu-no-hospital","status":"publish","type":"post","link":"https:\/\/blogdoedvaldomagalhaes.com.br\/index.php\/2019\/02\/12\/motorista-de-carro-que-matou-jovem-gravida-em-caruaru-e-identificado-pela-policia-e-bebe-morreu-no-hospital\/","title":{"rendered":"Motorista de carro que matou jovem gr\u00e1vida em Caruaru \u00e9 identificado pela pol\u00edcia e Beb\u00ea morreu no hospital"},"content":{"rendered":"\n<p>A Pol\u00edcia Civil identificou o motorista do carro que se envolveu no acidente do fim de semana, na Avenida Brasil, bairro Salgado, em Caruaru, vitimando uma jovem de 18 anos que estava gr\u00e1vida de 8 meses. Ele \u00e9 motorista de aplicativo de transporte e se apresentou nesta ter\u00e7a-feira (12), prestou depoimento e foi liberado, devendo responder o processo em liberdade.<\/p>\n\n\n\n<p><a href=\"http:\/\/liberdade.com.br\/jovem-de-18-anos-gravida-morre-em-acidente-de-transito-em-caruaru\/\">Amanda de Assis Ara\u00fajo<\/a>&nbsp;estava na garupa da motocicleta conduzida pelo esposo Robson Agostinho dos Santos, 24 anos, que ficou gravemente ferido e permanece internado no Hospital Regional do Agreste (HRA). Uma equipe do Samu fez o parto no local do acidente. O beb\u00ea estava internado em estado grave no Hospital Jesus Nazareno e faleceu na noite dessa segunda-feira (11). A morte ocorreu \u00e0s 21h.<\/p>\n\n\n\n<p>Informa\u00e7\u00f5es: R\u00e1dio Liberdade.<\/p>\n\n\n\n<div class=\"wp-block-image\"><figure class=\"aligncenter\"><img loading=\"lazy\" decoding=\"async\" width=\"502\" height=\"100\" src=\"http:\/\/blogdoedvaldomagalhaes.com.br\/wp-content\/uploads\/2019\/02\/Todos-Comerciais.gif\" alt=\"\" class=\"wp-image-38397\"\/><\/figure><\/div>\n","protected":false},"excerpt":{"rendered":"<p>A Pol\u00edcia Civil identificou o motorista do carro que se envolveu no acidente do fim de semana, na Avenida Brasil,&hellip;<\/p>\n","protected":false},"author":1,"featured_media":38352,"comment_status":"closed","ping_status":"open","sticky":false,"template":"","format":"standard","meta":{"footnotes":""},"categories":[14121],"tags":[2735,1943,14119,312,2083,14146],"class_list":["post-38351","post","type-post","status-publish","format-standard","has-post-thumbnail","hentry","category-policial","tag-avenida-brasil","tag-bairro-salgado","tag-hospital-jesus-nazareno","tag-hospital-regional-do-agreste","tag-hra","tag-motorista-de-carro-que-matou-jovem-gravida-em-caruaru-e-identificado-pela-policia-e-bebe-morreu-no-hospital"],"_links":{"self":[{"href":"https:\/\/blogdoedvaldomagalhaes.com.br\/index.php\/wp-json\/wp\/v2\/posts\/38351","targetHints":{"allow":["GET"]}}],"collection":[{"href":"https:\/\/blogdoedvaldomagalhaes.com.br\/index.php\/wp-json\/wp\/v2\/posts"}],"about":[{"href":"https:\/\/blogdoedvaldomagalhaes.com.br\/index.php\/wp-json\/wp\/v2\/types\/post"}],"author":[{"embeddable":true,"href":"https:\/\/blogdoedvaldomagalhaes.com.br\/index.php\/wp-json\/wp\/v2\/users\/1"}],"replies":[{"embeddable":true,"href":"https:\/\/blogdoedvaldomagalhaes.com.br\/index.php\/wp-json\/wp\/v2\/comments?post=38351"}],"version-history":[{"count":4,"href":"https:\/\/blogdoedvaldomagalhaes.com.br\/index.php\/wp-json\/wp\/v2\/posts\/38351\/revisions"}],"predecessor-version":[{"id":38399,"href":"https:\/\/blogdoedvaldomagalhaes.com.br\/index.php\/wp-json\/wp\/v2\/posts\/38351\/revisions\/38399"}],"wp:featuredmedia":[{"embeddable":true,"href":"https:\/\/blogdoedvaldomagalhaes.com.br\/index.php\/wp-json\/wp\/v2\/media\/38352"}],"wp:attachment":[{"href":"https:\/\/blogdoedvaldomagalhaes.com.br\/index.php\/wp-json\/wp\/v2\/media?parent=38351"}],"wp:term":[{"taxonomy":"category","embeddable":true,"href":"https:\/\/blogdoedvaldomagalhaes.com.br\/index.php\/wp-json\/wp\/v2\/categories?post=38351"},{"taxonomy":"post_tag","embeddable":true,"href":"https:\/\/blogdoedvaldomagalhaes.com.br\/index.php\/wp-json\/wp\/v2\/tags?post=38351"}],"curies":[{"name":"wp","href":"https:\/\/api.w.org\/{rel}","templated":true}]}}