{"id":38302,"date":"2019-02-11T20:48:35","date_gmt":"2019-02-11T23:48:35","guid":{"rendered":"http:\/\/blogdoedvaldomagalhaes.com.br\/?p=38302"},"modified":"2019-02-11T22:27:55","modified_gmt":"2019-02-12T01:27:55","slug":"sos-rio-ipojuca-realiza-primeira-reuniao-ordinaria-de-2019","status":"publish","type":"post","link":"https:\/\/blogdoedvaldomagalhaes.com.br\/index.php\/2019\/02\/11\/sos-rio-ipojuca-realiza-primeira-reuniao-ordinaria-de-2019\/","title":{"rendered":"SOS Rio Ipojuca realiza primeira reuni\u00e3o ordin\u00e1ria de 2019"},"content":{"rendered":"\n<p>O Movimento Ecol\u00f3gico SOS Rio Ipojuca, fundado em 2016, realizou a sua primeira reuni\u00e3o ordin\u00e1ria do ano de 2019, no \u00faltimo s\u00e1bado (09), no s\u00edtio S\u00e3o Jo\u00e3o, na Vila Murici, zona rural de Caruaru. Na ocasi\u00e3o, 19 membros do Movimento deram v\u00e1rias sugest\u00f5es em prol de melhorias para o rio, que est\u00e1 polu\u00eddo h\u00e1 muitos anos.<\/p>\n\n\n\n<figure class=\"wp-block-image\"><img loading=\"lazy\" decoding=\"async\" width=\"1024\" height=\"576\" src=\"http:\/\/blogdoedvaldomagalhaes.com.br\/wp-content\/uploads\/2019\/02\/rio-1024x576.jpg\" alt=\"\" class=\"wp-image-38304\" srcset=\"https:\/\/blogdoedvaldomagalhaes.com.br\/wp-content\/uploads\/2019\/02\/rio.jpg 1024w, https:\/\/blogdoedvaldomagalhaes.com.br\/wp-content\/uploads\/2019\/02\/rio-300x169.jpg 300w, https:\/\/blogdoedvaldomagalhaes.com.br\/wp-content\/uploads\/2019\/02\/rio-768x432.jpg 768w, https:\/\/blogdoedvaldomagalhaes.com.br\/wp-content\/uploads\/2019\/02\/rio-720x405.jpg 720w\" sizes=\"auto, (max-width: 1024px) 100vw, 1024px\" \/><\/figure>\n\n\n\n<p>Participaram da reuni\u00e3o Jo\u00e3o Domingos (gestor do Parque Natural Municipal Professor Jo\u00e3o Vasconcelos Sobrinho), motociclistas do \u00c1guias do Agreste, e Nadilson Nunes (Secret\u00e1rio Municipal de Meio Ambiente de Tacaimb\u00f3).<\/p>\n\n\n\n<figure class=\"wp-block-image\"><img loading=\"lazy\" decoding=\"async\" width=\"1024\" height=\"768\" src=\"http:\/\/blogdoedvaldomagalhaes.com.br\/wp-content\/uploads\/2019\/02\/IMG-20190211-WA0126-1024x768.jpg\" alt=\"\" class=\"wp-image-38319\" srcset=\"https:\/\/blogdoedvaldomagalhaes.com.br\/wp-content\/uploads\/2019\/02\/IMG-20190211-WA0126-1024x768.jpg 1024w, https:\/\/blogdoedvaldomagalhaes.com.br\/wp-content\/uploads\/2019\/02\/IMG-20190211-WA0126-300x225.jpg 300w, https:\/\/blogdoedvaldomagalhaes.com.br\/wp-content\/uploads\/2019\/02\/IMG-20190211-WA0126-768x576.jpg 768w, https:\/\/blogdoedvaldomagalhaes.com.br\/wp-content\/uploads\/2019\/02\/IMG-20190211-WA0126-160x120.jpg 160w, https:\/\/blogdoedvaldomagalhaes.com.br\/wp-content\/uploads\/2019\/02\/IMG-20190211-WA0126.jpg 1032w\" sizes=\"auto, (max-width: 1024px) 100vw, 1024px\" \/><\/figure>\n\n\n\n<figure class=\"wp-block-image\"><img loading=\"lazy\" decoding=\"async\" width=\"1024\" height=\"768\" src=\"http:\/\/blogdoedvaldomagalhaes.com.br\/wp-content\/uploads\/2019\/02\/IMG-20190211-WA0127-1024x768.jpg\" alt=\"\" class=\"wp-image-38318\" srcset=\"https:\/\/blogdoedvaldomagalhaes.com.br\/wp-content\/uploads\/2019\/02\/IMG-20190211-WA0127-1024x768.jpg 1024w, https:\/\/blogdoedvaldomagalhaes.com.br\/wp-content\/uploads\/2019\/02\/IMG-20190211-WA0127-300x225.jpg 300w, https:\/\/blogdoedvaldomagalhaes.com.br\/wp-content\/uploads\/2019\/02\/IMG-20190211-WA0127-768x576.jpg 768w, https:\/\/blogdoedvaldomagalhaes.com.br\/wp-content\/uploads\/2019\/02\/IMG-20190211-WA0127-160x120.jpg 160w, https:\/\/blogdoedvaldomagalhaes.com.br\/wp-content\/uploads\/2019\/02\/IMG-20190211-WA0127.jpg 1032w\" sizes=\"auto, (max-width: 1024px) 100vw, 1024px\" \/><\/figure>\n\n\n\n<figure class=\"wp-block-image\"><img decoding=\"async\" src=\"http:\/\/blogdoedvaldomagalhaes.com.br\/wp-content\/uploads\/2019\/02\/IMG_20190211_154527_287.jpg\" alt=\"\" class=\"wp-image-38308\"\/><\/figure>\n","protected":false},"excerpt":{"rendered":"<p>O Movimento Ecol\u00f3gico SOS Rio Ipojuca, fundado em 2016, realizou a sua primeira reuni\u00e3o ordin\u00e1ria do ano de 2019, no&hellip;<\/p>\n","protected":false},"author":1,"featured_media":38303,"comment_status":"closed","ping_status":"open","sticky":false,"template":"","format":"standard","meta":{"footnotes":""},"categories":[14120],"tags":[14144,3290,14145,14143,9687,14131,14142,12079],"class_list":["post-38302","post","type-post","status-publish","format-standard","has-post-thumbnail","hentry","category-noticias","tag-aguias-do-agreste","tag-joao-domingos","tag-meio-ambiente","tag-nadilson-nunes","tag-parque-natural-municipal-professor-joao-vasconcelos-sobrinho","tag-sitio-sao-joao","tag-sos-rio-ipojuca-realiza-primeira-reuniao-ordinaria-de-2019","tag-vila-murici"],"_links":{"self":[{"href":"https:\/\/blogdoedvaldomagalhaes.com.br\/index.php\/wp-json\/wp\/v2\/posts\/38302","targetHints":{"allow":["GET"]}}],"collection":[{"href":"https:\/\/blogdoedvaldomagalhaes.com.br\/index.php\/wp-json\/wp\/v2\/posts"}],"about":[{"href":"https:\/\/blogdoedvaldomagalhaes.com.br\/index.php\/wp-json\/wp\/v2\/types\/post"}],"author":[{"embeddable":true,"href":"https:\/\/blogdoedvaldomagalhaes.com.br\/index.php\/wp-json\/wp\/v2\/users\/1"}],"replies":[{"embeddable":true,"href":"https:\/\/blogdoedvaldomagalhaes.com.br\/index.php\/wp-json\/wp\/v2\/comments?post=38302"}],"version-history":[{"count":7,"href":"https:\/\/blogdoedvaldomagalhaes.com.br\/index.php\/wp-json\/wp\/v2\/posts\/38302\/revisions"}],"predecessor-version":[{"id":38344,"href":"https:\/\/blogdoedvaldomagalhaes.com.br\/index.php\/wp-json\/wp\/v2\/posts\/38302\/revisions\/38344"}],"wp:featuredmedia":[{"embeddable":true,"href":"https:\/\/blogdoedvaldomagalhaes.com.br\/index.php\/wp-json\/wp\/v2\/media\/38303"}],"wp:attachment":[{"href":"https:\/\/blogdoedvaldomagalhaes.com.br\/index.php\/wp-json\/wp\/v2\/media?parent=38302"}],"wp:term":[{"taxonomy":"category","embeddable":true,"href":"https:\/\/blogdoedvaldomagalhaes.com.br\/index.php\/wp-json\/wp\/v2\/categories?post=38302"},{"taxonomy":"post_tag","embeddable":true,"href":"https:\/\/blogdoedvaldomagalhaes.com.br\/index.php\/wp-json\/wp\/v2\/tags?post=38302"}],"curies":[{"name":"wp","href":"https:\/\/api.w.org\/{rel}","templated":true}]}}