{"id":38295,"date":"2019-02-11T20:29:41","date_gmt":"2019-02-11T23:29:41","guid":{"rendered":"http:\/\/blogdoedvaldomagalhaes.com.br\/?p=38295"},"modified":"2019-02-11T22:28:11","modified_gmt":"2019-02-12T01:28:11","slug":"delegado-lessa-e-eleito-presidente-da-comissao-de-desenvolvimento-economico-e-turismo-da-alepe","status":"publish","type":"post","link":"https:\/\/blogdoedvaldomagalhaes.com.br\/index.php\/2019\/02\/11\/delegado-lessa-e-eleito-presidente-da-comissao-de-desenvolvimento-economico-e-turismo-da-alepe\/","title":{"rendered":"Delegado Lessa \u00e9 eleito presidente da Comiss\u00e3o de Desenvolvimento Econ\u00f4mico e Turismo da Alepe"},"content":{"rendered":"\n<p>O deputado estadual Delegado Lessa (Progressistas) foi eleito presidente da Comiss\u00e3o de Desenvolvimento Econ\u00f4mico e Turismo da Assembleia Legislativa de Pernambuco (Alepe). A vota\u00e7\u00e3o aconteceu na tarde da segunda-feira 11, no momento de instala\u00e7\u00e3o do colegiado.&nbsp;<\/p>\n\n\n\n<p>De acordo com o deputado Delegado Lessa, melhorar a renda dos pernambucanos atrav\u00e9s da gera\u00e7\u00e3o de empregos e do fomento \u00e0 criatividade s\u00e3o objetivos da comiss\u00e3o. \u201cVamos tentar melhores caminhos para um horizonte de prosperidade e turismo no estado de Pernambuco. Esta comiss\u00e3o vai trabalhar muito\u201d, garantiu.<\/p>\n\n\n\n<p>A Comiss\u00e3o de Desenvolvimento Econ\u00f4mico e Turismo \u00e9 considerada uma das mais importantes do Pal\u00e1cio Joaquim Nabuco. Suas atribui\u00e7\u00f5es referem-se a assuntos como pol\u00edtica industrial, com\u00e9rcio, importa\u00e7\u00e3o e exporta\u00e7\u00e3o; bem como t\u00f3picos referentes ao sistema estadual de turismo, e da explora\u00e7\u00e3o das atividades e dos servi\u00e7os tur\u00edsticos.<\/p>\n\n\n\n<p>A Comiss\u00e3o tamb\u00e9m conta com os membros titulares Clovis Paiva (PP), Jo\u00e3o Paulo (PCdoB), Rom\u00e1rio Dias (PSD) e Romero Sales Filho (PTB), bem como os suplentes Alessandra Vieira (PSDB), Fab\u00edola Cabral (PP), Fabr\u00edzio Ferraz (PHS), Simone Santana (PSB) e Sivaldo Albino (PSB).&nbsp;<\/p>\n\n\n\n<figure class=\"wp-block-image\"><img loading=\"lazy\" decoding=\"async\" width=\"750\" height=\"485\" src=\"http:\/\/blogdoedvaldomagalhaes.com.br\/wp-content\/uploads\/2019\/02\/delegado.jpeg\" alt=\"\" class=\"wp-image-38296\" srcset=\"https:\/\/blogdoedvaldomagalhaes.com.br\/wp-content\/uploads\/2019\/02\/delegado.jpeg 750w, https:\/\/blogdoedvaldomagalhaes.com.br\/wp-content\/uploads\/2019\/02\/delegado-300x194.jpeg 300w\" sizes=\"auto, (max-width: 750px) 100vw, 750px\" \/><\/figure>\n\n\n\n<p><strong>Supl\u00eancia<\/strong><\/p>\n\n\n\n<p>Durante a manh\u00e3, o deputado Delegado Lessa participou da instala\u00e7\u00e3o da Comiss\u00e3o de Assuntos Internacionais, em que \u00e9 suplente. O colegiado trata, entre outros t\u00f3picos, sobre a celebra\u00e7\u00e3o de contratos e conv\u00eanios entre o Estado e outros pa\u00edses, bem como aborda iniciativas e projetos que divulguem o Estado, colocando Pernambuco em destaque ou como atrativo no cen\u00e1rio internacional. \u00c0 tarde, ele integrou como suplente a Comiss\u00e3o de Finan\u00e7as, Or\u00e7amento e Tributa\u00e7\u00e3o, a qual possui poderes exclusivos, como a emiss\u00e3o de parecer sobre projetos de lei relativos ao Plano Plurianual \u00e0s Diretrizes Or\u00e7ament\u00e1rias, ao Or\u00e7amento anual e a revis\u00e3o do Plano Plurianual.<\/p>\n","protected":false},"excerpt":{"rendered":"<p>O deputado estadual Delegado Lessa (Progressistas) foi eleito presidente da Comiss\u00e3o de Desenvolvimento Econ\u00f4mico e Turismo da Assembleia Legislativa de&hellip;<\/p>\n","protected":false},"author":1,"featured_media":38297,"comment_status":"closed","ping_status":"open","sticky":false,"template":"","format":"standard","meta":{"footnotes":""},"categories":[14122],"tags":[14139,14135,14140,14141,14137,14136,14138],"class_list":["post-38295","post","type-post","status-publish","format-standard","has-post-thumbnail","hentry","category-politica","tag-bem-como-os-suplentes-alessandra-vieira-psdb","tag-delegado-lessa-e-eleito-presidente-da-comissao-de-desenvolvimento-economico-e-turismo-da-alepe","tag-fabiola-cabral-pp","tag-fabrizio-ferraz-phs","tag-joao-paulo-pcdob","tag-lovis-paiva-pp","tag-romario-dias-psd-e-romero-sales-filho-ptb"],"_links":{"self":[{"href":"https:\/\/blogdoedvaldomagalhaes.com.br\/index.php\/wp-json\/wp\/v2\/posts\/38295","targetHints":{"allow":["GET"]}}],"collection":[{"href":"https:\/\/blogdoedvaldomagalhaes.com.br\/index.php\/wp-json\/wp\/v2\/posts"}],"about":[{"href":"https:\/\/blogdoedvaldomagalhaes.com.br\/index.php\/wp-json\/wp\/v2\/types\/post"}],"author":[{"embeddable":true,"href":"https:\/\/blogdoedvaldomagalhaes.com.br\/index.php\/wp-json\/wp\/v2\/users\/1"}],"replies":[{"embeddable":true,"href":"https:\/\/blogdoedvaldomagalhaes.com.br\/index.php\/wp-json\/wp\/v2\/comments?post=38295"}],"version-history":[{"count":3,"href":"https:\/\/blogdoedvaldomagalhaes.com.br\/index.php\/wp-json\/wp\/v2\/posts\/38295\/revisions"}],"predecessor-version":[{"id":38345,"href":"https:\/\/blogdoedvaldomagalhaes.com.br\/index.php\/wp-json\/wp\/v2\/posts\/38295\/revisions\/38345"}],"wp:featuredmedia":[{"embeddable":true,"href":"https:\/\/blogdoedvaldomagalhaes.com.br\/index.php\/wp-json\/wp\/v2\/media\/38297"}],"wp:attachment":[{"href":"https:\/\/blogdoedvaldomagalhaes.com.br\/index.php\/wp-json\/wp\/v2\/media?parent=38295"}],"wp:term":[{"taxonomy":"category","embeddable":true,"href":"https:\/\/blogdoedvaldomagalhaes.com.br\/index.php\/wp-json\/wp\/v2\/categories?post=38295"},{"taxonomy":"post_tag","embeddable":true,"href":"https:\/\/blogdoedvaldomagalhaes.com.br\/index.php\/wp-json\/wp\/v2\/tags?post=38295"}],"curies":[{"name":"wp","href":"https:\/\/api.w.org\/{rel}","templated":true}]}}