{"id":38292,"date":"2019-02-11T20:00:56","date_gmt":"2019-02-11T23:00:56","guid":{"rendered":"http:\/\/blogdoedvaldomagalhaes.com.br\/?p=38292"},"modified":"2019-02-11T22:28:41","modified_gmt":"2019-02-12T01:28:41","slug":"tony-gel-e-reconduzido-a-vice-presidencia-da-comissao-de-constituicao-e-justica-da-alepe","status":"publish","type":"post","link":"https:\/\/blogdoedvaldomagalhaes.com.br\/index.php\/2019\/02\/11\/tony-gel-e-reconduzido-a-vice-presidencia-da-comissao-de-constituicao-e-justica-da-alepe\/","title":{"rendered":"Tony Gel \u00e9 reconduzido a vice-presid\u00eancia da Comiss\u00e3o de Constitui\u00e7\u00e3o e Justi\u00e7a da Alepe"},"content":{"rendered":"\n<p>O deputado estadual Tony Gel (MDB) foi reconduzido ao cargo de vice-presidente da Comiss\u00e3o de Constitui\u00e7\u00e3o, Legisla\u00e7\u00e3o e Justi\u00e7a (CCLJ), que \u00e9 considerada a principal e mais importante Comiss\u00e3o da Assembleia Legislativa do Estado.<\/p>\n\n\n\n<p>A reuni\u00e3o que escolheu o grupo de deputados que ir\u00e1 compor a&nbsp;Comiss\u00e3o de Constitui\u00e7\u00e3o, Legisla\u00e7\u00e3o e Justi\u00e7a&nbsp;(CCLJ) para os pr\u00f3ximos dois anos foi realizada nesta segunda-feira (11).<\/p>\n\n\n\n<p>Tony Gel integrou o colegiado na legislatura anterior, e a sua atua\u00e7\u00e3o foi bastamte elogiada pelo Deputado Waldemar Borges (PSB), que tamb\u00e9m foi reconduzido ao cargo de presidente da Comiss\u00e3o.<\/p>\n\n\n\n<p>O parlamentar destacou a import\u00e2ncia da Comiss\u00e3o que tem o trabalho de analisar os projetos apresentados pelo Executivo.<\/p>\n\n\n\n<p>\u201cTodas as proposi\u00e7\u00f5es apresentadas ao Poder Legislativo Estadual passam pelo controle desta Comiss\u00e3o e nossa fun\u00e7\u00e3o \u00e9 justamente manifestar-nos quanto \u00e0 constitucionalidade e legalidade de cada uma dessas mat\u00e9rias\u201d, afirmou Gel.<\/p>\n","protected":false},"excerpt":{"rendered":"<p>O deputado estadual Tony Gel (MDB) foi reconduzido ao cargo de vice-presidente da Comiss\u00e3o de Constitui\u00e7\u00e3o, Legisla\u00e7\u00e3o e Justi\u00e7a (CCLJ),&hellip;<\/p>\n","protected":false},"author":1,"featured_media":38293,"comment_status":"closed","ping_status":"open","sticky":false,"template":"","format":"standard","meta":{"footnotes":""},"categories":[14122],"tags":[8452,2875,381,14133,11705],"class_list":["post-38292","post","type-post","status-publish","format-standard","has-post-thumbnail","hentry","category-politica","tag-assembleia-legislativa-de-pernambuco","tag-mdb","tag-psb","tag-tony-gel-e-reconduzido-a-vice-presidencia-da-comissao-de-constituicao-e-justica-da-alepe","tag-waldemar-borges"],"_links":{"self":[{"href":"https:\/\/blogdoedvaldomagalhaes.com.br\/index.php\/wp-json\/wp\/v2\/posts\/38292","targetHints":{"allow":["GET"]}}],"collection":[{"href":"https:\/\/blogdoedvaldomagalhaes.com.br\/index.php\/wp-json\/wp\/v2\/posts"}],"about":[{"href":"https:\/\/blogdoedvaldomagalhaes.com.br\/index.php\/wp-json\/wp\/v2\/types\/post"}],"author":[{"embeddable":true,"href":"https:\/\/blogdoedvaldomagalhaes.com.br\/index.php\/wp-json\/wp\/v2\/users\/1"}],"replies":[{"embeddable":true,"href":"https:\/\/blogdoedvaldomagalhaes.com.br\/index.php\/wp-json\/wp\/v2\/comments?post=38292"}],"version-history":[{"count":3,"href":"https:\/\/blogdoedvaldomagalhaes.com.br\/index.php\/wp-json\/wp\/v2\/posts\/38292\/revisions"}],"predecessor-version":[{"id":38346,"href":"https:\/\/blogdoedvaldomagalhaes.com.br\/index.php\/wp-json\/wp\/v2\/posts\/38292\/revisions\/38346"}],"wp:featuredmedia":[{"embeddable":true,"href":"https:\/\/blogdoedvaldomagalhaes.com.br\/index.php\/wp-json\/wp\/v2\/media\/38293"}],"wp:attachment":[{"href":"https:\/\/blogdoedvaldomagalhaes.com.br\/index.php\/wp-json\/wp\/v2\/media?parent=38292"}],"wp:term":[{"taxonomy":"category","embeddable":true,"href":"https:\/\/blogdoedvaldomagalhaes.com.br\/index.php\/wp-json\/wp\/v2\/categories?post=38292"},{"taxonomy":"post_tag","embeddable":true,"href":"https:\/\/blogdoedvaldomagalhaes.com.br\/index.php\/wp-json\/wp\/v2\/tags?post=38292"}],"curies":[{"name":"wp","href":"https:\/\/api.w.org\/{rel}","templated":true}]}}