{"id":38285,"date":"2019-02-11T19:20:55","date_gmt":"2019-02-11T22:20:55","guid":{"rendered":"http:\/\/blogdoedvaldomagalhaes.com.br\/?p=38285"},"modified":"2019-02-11T22:28:51","modified_gmt":"2019-02-12T01:28:51","slug":"procon-caruaru-alerta-para-ofertas-de-estagio-e-emprego-de-cursos-profissionalizantes","status":"publish","type":"post","link":"https:\/\/blogdoedvaldomagalhaes.com.br\/index.php\/2019\/02\/11\/procon-caruaru-alerta-para-ofertas-de-estagio-e-emprego-de-cursos-profissionalizantes\/","title":{"rendered":"PROCON Caruaru alerta para ofertas de est\u00e1gio e emprego de cursos profissionalizantes"},"content":{"rendered":"\n<p>O PROCON Caruaru alerta m\u00e3es e pais para terem cuidado com ofertas de cursos profissionalizantes para jovens e adolescentes que prometem garantia de vaga de est\u00e1gio ou de emprego como jovem aprendiz ap\u00f3s a conclus\u00e3o do suposto curso.<\/p>\n\n\n\n<p>\u201cAs pessoas devem guardar o folder, mensagem, e-mail e toda e qualquer publicidade utilizada pelo curso. Analise o contrato e, qualquer d\u00favida, consulte o PROCON Caruaru. Qualquer oferta realizada deve ser cumprida, caso contr\u00e1rio, os respons\u00e1veis podem cancelar o contrato e exigir todo o dinheiro de volta\u201d, explicou o diretor do PROCON Caruaru, Nyverson Moura.<\/p>\n\n\n\n<p>O PROCON Caruaru fica localizado no Centro Administrativo, na Av. Rio Branco, 315 \u2013 Centro.<\/p>\n","protected":false},"excerpt":{"rendered":"<p>O PROCON Caruaru alerta m\u00e3es e pais para terem cuidado com ofertas de cursos profissionalizantes para jovens e adolescentes que&hellip;<\/p>\n","protected":false},"author":1,"featured_media":38286,"comment_status":"closed","ping_status":"open","sticky":false,"template":"","format":"standard","meta":{"footnotes":""},"categories":[14120],"tags":[6422,14132],"class_list":["post-38285","post","type-post","status-publish","format-standard","has-post-thumbnail","hentry","category-noticias","tag-avenida-rio-branco","tag-procon-caruaru-alerta-para-ofertas-de-estagio-e-emprego-de-cursos-profissionalizantes"],"_links":{"self":[{"href":"https:\/\/blogdoedvaldomagalhaes.com.br\/index.php\/wp-json\/wp\/v2\/posts\/38285","targetHints":{"allow":["GET"]}}],"collection":[{"href":"https:\/\/blogdoedvaldomagalhaes.com.br\/index.php\/wp-json\/wp\/v2\/posts"}],"about":[{"href":"https:\/\/blogdoedvaldomagalhaes.com.br\/index.php\/wp-json\/wp\/v2\/types\/post"}],"author":[{"embeddable":true,"href":"https:\/\/blogdoedvaldomagalhaes.com.br\/index.php\/wp-json\/wp\/v2\/users\/1"}],"replies":[{"embeddable":true,"href":"https:\/\/blogdoedvaldomagalhaes.com.br\/index.php\/wp-json\/wp\/v2\/comments?post=38285"}],"version-history":[{"count":1,"href":"https:\/\/blogdoedvaldomagalhaes.com.br\/index.php\/wp-json\/wp\/v2\/posts\/38285\/revisions"}],"predecessor-version":[{"id":38287,"href":"https:\/\/blogdoedvaldomagalhaes.com.br\/index.php\/wp-json\/wp\/v2\/posts\/38285\/revisions\/38287"}],"wp:featuredmedia":[{"embeddable":true,"href":"https:\/\/blogdoedvaldomagalhaes.com.br\/index.php\/wp-json\/wp\/v2\/media\/38286"}],"wp:attachment":[{"href":"https:\/\/blogdoedvaldomagalhaes.com.br\/index.php\/wp-json\/wp\/v2\/media?parent=38285"}],"wp:term":[{"taxonomy":"category","embeddable":true,"href":"https:\/\/blogdoedvaldomagalhaes.com.br\/index.php\/wp-json\/wp\/v2\/categories?post=38285"},{"taxonomy":"post_tag","embeddable":true,"href":"https:\/\/blogdoedvaldomagalhaes.com.br\/index.php\/wp-json\/wp\/v2\/tags?post=38285"}],"curies":[{"name":"wp","href":"https:\/\/api.w.org\/{rel}","templated":true}]}}