{"id":3828,"date":"2017-12-04T15:34:00","date_gmt":"2017-12-04T17:34:00","guid":{"rendered":"http:\/\/blogdoedvaldomagalhaes.com.br\/index.php\/2017\/12\/04\/junta-medica-especial-implantada-na-4\/"},"modified":"2019-02-09T01:55:09","modified_gmt":"2019-02-09T03:55:09","slug":"junta-medica-especial-implantada-na-4","status":"publish","type":"post","link":"https:\/\/blogdoedvaldomagalhaes.com.br\/index.php\/2017\/12\/04\/junta-medica-especial-implantada-na-4\/","title":{"rendered":"Junta M\u00e9dica Especial implantada na 4\u00aa Ciretran Caruaru"},"content":{"rendered":"<div class=\"separator\" style=\"clear: both; text-align: center;\">\n<\/div>\n<div style=\"background-color: white; box-sizing: border-box; line-height: 24px; margin-bottom: 10px; text-align: justify;\">\n<div class=\"separator\" style=\"clear: both; text-align: center;\">\n<a href=\"https:\/\/1.bp.blogspot.com\/-np0RxgSPS58\/WiVqykF58rI\/AAAAAAAAmEM\/MWjb2RHLS8gBWxS4qXVg-XNOqb4Y3lWowCLcBGAs\/s1600\/20171204_114230.jpg\" imageanchor=\"1\" style=\"margin-left: 1em; margin-right: 1em;\"><img loading=\"lazy\" decoding=\"async\" border=\"0\" data-original-height=\"900\" data-original-width=\"1600\" height=\"225\" src=\"http:\/\/blogdoedvaldomagalhaes.com.br\/wp-content\/uploads\/2017\/12\/20171204_114230.jpg\" width=\"400\" \/><\/a><\/div>\n<p><\/div>\n<div style=\"background-color: white; box-sizing: border-box; line-height: 24px; margin-bottom: 10px; text-align: justify;\">\nO Departamento Estadual de Tr\u00e2nsito de Pernambuco (Detran) implantou, nesta segunda-feira (04), em Caruaru, Junta M\u00e9dica Especial. A solenidade aconteceu na 4\u00aa Ciretran, com as presen\u00e7as do diretor-presidente do \u00f3rg\u00e3o, Charles Ribeiro, o coordenador da 4\u00aa Ciretran Raffi\u00ea Dellon, o deputado estadual Tony Gel do PMDB, o jornalista Ant\u00f4nio Marcos, o coordenador de Articula\u00e7\u00e3o Municipal L\u00e1zaro Medeiros e o chefe de gabinete da secretaria das Cidades Tadeu Godoy.<\/p>\n<p><\/p>\n<div class=\"separator\" style=\"clear: both; text-align: center;\">\n<a href=\"https:\/\/3.bp.blogspot.com\/-_zKpyBRchB0\/WiVrMrzC4yI\/AAAAAAAAmEY\/PohcbpGuPPM9cOdJ8QiSDweem5My5rqggCLcBGAs\/s1600\/detran.jpg\" imageanchor=\"1\" style=\"margin-left: 1em; margin-right: 1em;\"><img loading=\"lazy\" decoding=\"async\" border=\"0\" data-original-height=\"225\" data-original-width=\"400\" height=\"225\" src=\"http:\/\/blogdoedvaldomagalhaes.com.br\/wp-content\/uploads\/2017\/12\/detran-1.jpg\" width=\"400\" \/><\/a><\/div>\n<p><\/div>\n<div style=\"background-color: white; box-sizing: border-box; line-height: 24px; margin-bottom: 10px; text-align: justify;\">\nO objetivo da Junta M\u00e9dica \u00e9 atender as pessoas com defici\u00eancia que est\u00e3o solicitando a obten\u00e7\u00e3o ou renova\u00e7\u00e3o da Carteira Nacional de Habilita\u00e7\u00e3o (CNH), al\u00e9m de exames para fins de isen\u00e7\u00e3o de impostos para aquisi\u00e7\u00e3o de ve\u00edculos.<\/div>\n","protected":false},"excerpt":{"rendered":"<p>O Departamento Estadual de Tr\u00e2nsito de Pernambuco (Detran) implantou, nesta segunda-feira (04), em Caruaru, Junta M\u00e9dica Especial. A solenidade aconteceu&hellip;<\/p>\n","protected":false},"author":1,"featured_media":0,"comment_status":"open","ping_status":"open","sticky":false,"template":"","format":"standard","meta":{"footnotes":""},"categories":[1],"tags":[2,3820,4544,6,2491,995],"class_list":["post-3828","post","type-post","status-publish","format-standard","hentry","category-sem-categoria","tag-blog-do-edvaldo-magalhaes","tag-charles-ribeiro","tag-junta-medica-especial-implantada-na-4a-ciretran-caruaru","tag-noticias","tag-raffie-dellon","tag-tony-gel"],"_links":{"self":[{"href":"https:\/\/blogdoedvaldomagalhaes.com.br\/index.php\/wp-json\/wp\/v2\/posts\/3828","targetHints":{"allow":["GET"]}}],"collection":[{"href":"https:\/\/blogdoedvaldomagalhaes.com.br\/index.php\/wp-json\/wp\/v2\/posts"}],"about":[{"href":"https:\/\/blogdoedvaldomagalhaes.com.br\/index.php\/wp-json\/wp\/v2\/types\/post"}],"author":[{"embeddable":true,"href":"https:\/\/blogdoedvaldomagalhaes.com.br\/index.php\/wp-json\/wp\/v2\/users\/1"}],"replies":[{"embeddable":true,"href":"https:\/\/blogdoedvaldomagalhaes.com.br\/index.php\/wp-json\/wp\/v2\/comments?post=3828"}],"version-history":[{"count":1,"href":"https:\/\/blogdoedvaldomagalhaes.com.br\/index.php\/wp-json\/wp\/v2\/posts\/3828\/revisions"}],"predecessor-version":[{"id":26779,"href":"https:\/\/blogdoedvaldomagalhaes.com.br\/index.php\/wp-json\/wp\/v2\/posts\/3828\/revisions\/26779"}],"wp:attachment":[{"href":"https:\/\/blogdoedvaldomagalhaes.com.br\/index.php\/wp-json\/wp\/v2\/media?parent=3828"}],"wp:term":[{"taxonomy":"category","embeddable":true,"href":"https:\/\/blogdoedvaldomagalhaes.com.br\/index.php\/wp-json\/wp\/v2\/categories?post=3828"},{"taxonomy":"post_tag","embeddable":true,"href":"https:\/\/blogdoedvaldomagalhaes.com.br\/index.php\/wp-json\/wp\/v2\/tags?post=3828"}],"curies":[{"name":"wp","href":"https:\/\/api.w.org\/{rel}","templated":true}]}}