{"id":3823,"date":"2017-12-05T12:38:00","date_gmt":"2017-12-05T14:38:00","guid":{"rendered":"http:\/\/blogdoedvaldomagalhaes.com.br\/index.php\/2017\/12\/05\/cursos-profissionalizantes-gratuitos\/"},"modified":"2019-02-09T01:55:13","modified_gmt":"2019-02-09T03:55:13","slug":"cursos-profissionalizantes-gratuitos","status":"publish","type":"post","link":"https:\/\/blogdoedvaldomagalhaes.com.br\/index.php\/2017\/12\/05\/cursos-profissionalizantes-gratuitos\/","title":{"rendered":"Cursos profissionalizantes gratuitos para mulheres de Caruaru"},"content":{"rendered":"<div class=\"separator\" style=\"clear: both; text-align: center;\">\n<a href=\"https:\/\/2.bp.blogspot.com\/-AjqrEPrrv84\/WiaS4BK8aeI\/AAAAAAAAmKY\/qqcf6dDXksAAjlyTX0Yfmpw3c0SqgsefACLcBGAs\/s1600\/curos%255B.jpg\" imageanchor=\"1\" style=\"margin-left: 1em; margin-right: 1em;\"><img loading=\"lazy\" decoding=\"async\" border=\"0\" data-original-height=\"154\" data-original-width=\"327\" height=\"188\" src=\"http:\/\/blogdoedvaldomagalhaes.com.br\/wp-content\/uploads\/2017\/12\/curos5B.jpg\" width=\"400\" \/><\/a><\/div>\n<div class=\"m-1095476572938612494gmail-msonormal\" style=\"text-align: justify;\">\n<\/div>\n<div class=\"m-1095476572938612494gmail-msonormal\" style=\"text-align: justify;\">\nA Secretaria de<br \/>\nPol\u00edticas para Mulheres (SPM) em parceria com o PRONATEC oferece,<br \/>\ngratuitamente, cursos profissionalizantes em diversas \u00e1reas do conhecimento. As<br \/>\ninscri\u00e7\u00f5es podem ser realizadas at\u00e9 o dia 12 deste m\u00eas. <\/div>\n<div class=\"m-1095476572938612494gmail-msonormal\" style=\"text-align: justify;\">\n<\/div>\n<div class=\"m-1095476572938612494gmail-msonormal\" style=\"text-align: justify;\">\nOs cursos s\u00e3o para<br \/>\nagente cultural, assistente de produ\u00e7\u00e3o cultural, agricultora familiar,<br \/>\ncaldeireira, costureira industrial do vestu\u00e1rio, ilustradora, mec\u00e2nica de<br \/>\nm\u00e1quinas de costura, recreadora cultural e vendedora. <\/div>\n<div class=\"m-1095476572938612494gmail-msonormal\" style=\"text-align: justify;\">\n<\/div>\n<div class=\"m_-1095476572938612494gmail-MsoNormal\" style=\"line-height: normal; text-align: justify; text-indent: 35.4pt;\">\n<\/div>\n<div class=\"m-1095476572938612494gmail-msonormal\" style=\"text-align: justify;\">\nPara se inscrever \u00e9<br \/>\nmuito f\u00e1cil! Basta acessar o site <a data-saferedirecturl=\"https:\/\/www.google.com\/url?hl=pt-BR&amp;q=http:\/\/www.pronatec.mec.gov.br\/&amp;source=gmail&amp;ust=1512563563083000&amp;usg=AFQjCNENumJIGWYkQiIPXID6X7YiSR6SPw\" href=\"http:\/\/www.pronatec.mec.gov.br\/\" target=\"_blank\">www.pronatec.mec.gov.br<\/a>,<br \/>\nou comparecer a sede da Secretaria de Pol\u00edticas para Mulheres que fica<br \/>\nlocalizada na <a href=\"https:\/\/maps.google.com\/?q=Rua+Padre+Rolin,+40,+Maur%C3%ADcio+de+Nassau&amp;entry=gmail&amp;source=g\">Rua<br \/>\nPadre Rolin, 40, Maur\u00edcio de Nassau<\/a>. O hor\u00e1rio de atendimento \u00e9 das 8h \u00e0s<br \/>\n17h. Mais informa\u00e7\u00f5es podem ser adquiridas atrav\u00e9s do telefone 3724 8600.<\/div>\n","protected":false},"excerpt":{"rendered":"<p>A Secretaria de Pol\u00edticas para Mulheres (SPM) em parceria com o PRONATEC oferece, gratuitamente, cursos profissionalizantes em diversas \u00e1reas do&hellip;<\/p>\n","protected":false},"author":1,"featured_media":0,"comment_status":"open","ping_status":"open","sticky":false,"template":"","format":"standard","meta":{"footnotes":""},"categories":[1],"tags":[2,4537,6,1950,4538],"class_list":["post-3823","post","type-post","status-publish","format-standard","hentry","category-sem-categoria","tag-blog-do-edvaldo-magalhaes","tag-cursos-profissionalizantes-gratuitos-para-mulheres-de-caruaru","tag-noticias","tag-noticias-de-caruaru","tag-pronatec"],"_links":{"self":[{"href":"https:\/\/blogdoedvaldomagalhaes.com.br\/index.php\/wp-json\/wp\/v2\/posts\/3823","targetHints":{"allow":["GET"]}}],"collection":[{"href":"https:\/\/blogdoedvaldomagalhaes.com.br\/index.php\/wp-json\/wp\/v2\/posts"}],"about":[{"href":"https:\/\/blogdoedvaldomagalhaes.com.br\/index.php\/wp-json\/wp\/v2\/types\/post"}],"author":[{"embeddable":true,"href":"https:\/\/blogdoedvaldomagalhaes.com.br\/index.php\/wp-json\/wp\/v2\/users\/1"}],"replies":[{"embeddable":true,"href":"https:\/\/blogdoedvaldomagalhaes.com.br\/index.php\/wp-json\/wp\/v2\/comments?post=3823"}],"version-history":[{"count":1,"href":"https:\/\/blogdoedvaldomagalhaes.com.br\/index.php\/wp-json\/wp\/v2\/posts\/3823\/revisions"}],"predecessor-version":[{"id":26799,"href":"https:\/\/blogdoedvaldomagalhaes.com.br\/index.php\/wp-json\/wp\/v2\/posts\/3823\/revisions\/26799"}],"wp:attachment":[{"href":"https:\/\/blogdoedvaldomagalhaes.com.br\/index.php\/wp-json\/wp\/v2\/media?parent=3823"}],"wp:term":[{"taxonomy":"category","embeddable":true,"href":"https:\/\/blogdoedvaldomagalhaes.com.br\/index.php\/wp-json\/wp\/v2\/categories?post=3823"},{"taxonomy":"post_tag","embeddable":true,"href":"https:\/\/blogdoedvaldomagalhaes.com.br\/index.php\/wp-json\/wp\/v2\/tags?post=3823"}],"curies":[{"name":"wp","href":"https:\/\/api.w.org\/{rel}","templated":true}]}}