{"id":3821,"date":"2017-12-05T13:51:00","date_gmt":"2017-12-05T15:51:00","guid":{"rendered":"http:\/\/blogdoedvaldomagalhaes.com.br\/index.php\/2017\/12\/05\/abertas-inscricoes-para-alfabetizacao\/"},"modified":"2019-02-09T01:55:14","modified_gmt":"2019-02-09T03:55:14","slug":"abertas-inscricoes-para-alfabetizacao","status":"publish","type":"post","link":"https:\/\/blogdoedvaldomagalhaes.com.br\/index.php\/2017\/12\/05\/abertas-inscricoes-para-alfabetizacao\/","title":{"rendered":"Abertas inscri\u00e7\u00f5es para alfabetiza\u00e7\u00e3o de jovens e adultos em Caruaru"},"content":{"rendered":"<div class=\"separator\" style=\"clear: both; text-align: center;\">\n<a href=\"https:\/\/4.bp.blogspot.com\/-CwVxVF5OgfE\/WiakRNlJfHI\/AAAAAAAAmLQ\/4a973UPJpYcp94FwqZB8Nf5xZDgb_z7cgCLcBGAs\/s1600\/inscri%25C3%25A7%25C3%25B5es.jpg\" imageanchor=\"1\" style=\"margin-left: 1em; margin-right: 1em;\"><img loading=\"lazy\" decoding=\"async\" border=\"0\" data-original-height=\"277\" data-original-width=\"360\" height=\"306\" src=\"http:\/\/blogdoedvaldomagalhaes.com.br\/wp-content\/uploads\/2017\/12\/inscriC3A7C3B5es.jpg\" width=\"400\" \/><\/a><\/div>\n<div class=\"m-434511335668930077gmail-msonormal\" style=\"text-align: justify;\">\n<\/div>\n<div class=\"m-434511335668930077gmail-msonormal\" style=\"text-align: justify;\">\nA Secretaria de<br \/>\nEduca\u00e7\u00e3o de Caruaru est\u00e1 com inscri\u00e7\u00f5es abertas, at\u00e9 o pr\u00f3ximo domingo (10),<br \/>\npara as turmas de alfabetiza\u00e7\u00e3o de jovens e adultos, atrav\u00e9s do Programa<br \/>\nCaruaru Alfabetizado que tem como meta ensinar a ler e escrever cerca de 1 500 pessoas,<br \/>\nneste primeiro momento. <\/div>\n<div class=\"m-434511335668930077gmail-msonormal\" style=\"text-align: justify;\">\n<\/div>\n<div class=\"m-434511335668930077gmail-msonormal\" style=\"text-align: justify;\">\n\u201cOs jovens e adultos<br \/>\nque n\u00e3o tiveram a oportunidade de irem \u00e0 escola na idade certa, agora podem<br \/>\niniciar e at\u00e9 seguir o processo de escolariza\u00e7\u00e3o, atrav\u00e9s do Programa Caruaru<br \/>\nAlfabetizado. N\u00f3s estamos com 65 alfabetizados nas ruas da cidade e do campo<br \/>\nfazendo a mobiliza\u00e7\u00e3o dos interessados que ter\u00e3o todo o material did\u00e1tico<br \/>\ndisponibilizado gratuitamente\u201d, garantiu o Secret\u00e1rio de Educa\u00e7\u00e3o Rubenildo<br \/>\nMoura. <\/div>\n<div class=\"m-434511335668930077gmail-msonormal\" style=\"text-align: justify;\">\n<\/div>\n<div class=\"m-434511335668930077gmail-msonormal\" style=\"text-align: justify;\">\nAs aulas acontecer\u00e3o<br \/>\nna cidade e no campo, 4 vezes por semana, no per\u00edodo da noite, das 19h \u00e0s 21h30<br \/>\ne t\u00eam dura\u00e7\u00e3o de 8 meses. Para se inscrever o interessado tamb\u00e9m pode procurar<br \/>\na escola mais pr\u00f3xima de sua casa. <\/div>\n<div class=\"m-434511335668930077gmail-msonormal\" style=\"text-align: justify;\">\n<\/div>\n<p><\/p>\n<div class=\"m-434511335668930077gmail-msonormal\" style=\"text-align: justify;\">\nOs alunos que<br \/>\nparticiparem, naturalmente, ter\u00e3o acesso as turmas de EJA \u2013 Educa\u00e7\u00e3o de Jovens<br \/>\ne Adultos.&nbsp;<\/div>\n","protected":false},"excerpt":{"rendered":"<p>A Secretaria de Educa\u00e7\u00e3o de Caruaru est\u00e1 com inscri\u00e7\u00f5es abertas, at\u00e9 o pr\u00f3ximo domingo (10), para as turmas de alfabetiza\u00e7\u00e3o&hellip;<\/p>\n","protected":false},"author":1,"featured_media":0,"comment_status":"open","ping_status":"open","sticky":false,"template":"","format":"standard","meta":{"footnotes":""},"categories":[1],"tags":[4534,2,6,2107],"class_list":["post-3821","post","type-post","status-publish","format-standard","hentry","category-sem-categoria","tag-abertas-inscricoes-para-alfabetizacao-de-jovens-e-adultos-em-caruaru","tag-blog-do-edvaldo-magalhaes","tag-noticias","tag-ultimas-noticias-de-caruaru"],"_links":{"self":[{"href":"https:\/\/blogdoedvaldomagalhaes.com.br\/index.php\/wp-json\/wp\/v2\/posts\/3821","targetHints":{"allow":["GET"]}}],"collection":[{"href":"https:\/\/blogdoedvaldomagalhaes.com.br\/index.php\/wp-json\/wp\/v2\/posts"}],"about":[{"href":"https:\/\/blogdoedvaldomagalhaes.com.br\/index.php\/wp-json\/wp\/v2\/types\/post"}],"author":[{"embeddable":true,"href":"https:\/\/blogdoedvaldomagalhaes.com.br\/index.php\/wp-json\/wp\/v2\/users\/1"}],"replies":[{"embeddable":true,"href":"https:\/\/blogdoedvaldomagalhaes.com.br\/index.php\/wp-json\/wp\/v2\/comments?post=3821"}],"version-history":[{"count":1,"href":"https:\/\/blogdoedvaldomagalhaes.com.br\/index.php\/wp-json\/wp\/v2\/posts\/3821\/revisions"}],"predecessor-version":[{"id":26808,"href":"https:\/\/blogdoedvaldomagalhaes.com.br\/index.php\/wp-json\/wp\/v2\/posts\/3821\/revisions\/26808"}],"wp:attachment":[{"href":"https:\/\/blogdoedvaldomagalhaes.com.br\/index.php\/wp-json\/wp\/v2\/media?parent=3821"}],"wp:term":[{"taxonomy":"category","embeddable":true,"href":"https:\/\/blogdoedvaldomagalhaes.com.br\/index.php\/wp-json\/wp\/v2\/categories?post=3821"},{"taxonomy":"post_tag","embeddable":true,"href":"https:\/\/blogdoedvaldomagalhaes.com.br\/index.php\/wp-json\/wp\/v2\/tags?post=3821"}],"curies":[{"name":"wp","href":"https:\/\/api.w.org\/{rel}","templated":true}]}}