{"id":38202,"date":"2019-02-10T09:38:25","date_gmt":"2019-02-10T12:38:25","guid":{"rendered":"http:\/\/blogdoedvaldomagalhaes.com.br\/?p=38202"},"modified":"2019-02-11T22:29:24","modified_gmt":"2019-02-12T01:29:24","slug":"gravida-sofre-acidente-de-moto-e-morre-apos-dar-a-luz-em-caruaru","status":"publish","type":"post","link":"https:\/\/blogdoedvaldomagalhaes.com.br\/index.php\/2019\/02\/10\/gravida-sofre-acidente-de-moto-e-morre-apos-dar-a-luz-em-caruaru\/","title":{"rendered":"Gr\u00e1vida sofre acidente de moto e morre ap\u00f3s dar \u00e0 luz em Caruaru"},"content":{"rendered":"\n<p>O acidente foi registrado na noite desse s\u00e1bado (09), no cruzamento da Avenida Brasil com a Rua Montana, no bairro Salgado, em Caruaru. De acordo com informa\u00e7\u00f5es no local, o casal estava trafegando na via em uma motocicleta quando foi surpreendido por uma ve\u00edculo em alta velocidade, a dona de casa&nbsp;<strong>Amanda de Assis Ara\u00fajo<\/strong>, de 18 anos de idade, estava gr\u00e1vida de 8 meses,  e ficou bastante ferida. Uma equipe do Samu ao ver o estado de sa\u00fade da v\u00edtima resolveu fazer o parto da crian\u00e7a ainda no local, onde posteriormente socorreu a m\u00e3e para o Hospital Jesus Nazareno e em seguida ela foi transferida para o Hospital Regional do Agreste (HRA), mas n\u00e3o resistiu e faleceu.<\/p>\n\n\n\n<ul class=\"wp-block-gallery columns-1 is-cropped wp-block-gallery-1 is-layout-flex wp-block-gallery-is-layout-flex\"><li class=\"blocks-gallery-item\"><figure><img loading=\"lazy\" decoding=\"async\" width=\"194\" height=\"263\" src=\"http:\/\/blogdoedvaldomagalhaes.com.br\/wp-content\/uploads\/2019\/02\/IMG-20190210-WA0048.jpg\" alt=\"\" data-id=\"38209\" data-link=\"http:\/\/blogdoedvaldomagalhaes.com.br\/index.php\/2019\/02\/10\/gravida-sofre-acidente-de-moto-e-morre-apos-dar-a-luz-em-caruaru\/img-20190210-wa0048\/\" class=\"wp-image-38209\"\/><\/figure><\/li><\/ul>\n\n\n\n<p>J\u00e1 o piloto moto e esposa da v\u00edtima o&nbsp;<strong>Robson Agostinho dos Santos<\/strong>, de 24 anos, teve v\u00e1rios ferimento na perna e foi socorrido para o Hospital Regional do Agreste, onde permanece recebendo atendimento m\u00e9dico. A crian\u00e7a est\u00e1 em um hospital da cidade.<\/p>\n\n\n\n<p>O motorista acusado de provocar o acidente se evadiu do local sem prestar socorro as vitimas e ainda n\u00e3o foi identificado.<\/p>\n\n\n\n<p>Fonte: Dayvson Robert\/No Detalhe.<\/p>\n","protected":false},"excerpt":{"rendered":"<p>O acidente foi registrado na noite desse s\u00e1bado (09), no cruzamento da Avenida Brasil com a Rua Montana, no bairro&hellip;<\/p>\n","protected":false},"author":1,"featured_media":38203,"comment_status":"closed","ping_status":"open","sticky":false,"template":"","format":"standard","meta":{"footnotes":""},"categories":[14120],"tags":[2735,1943,14118,14119,312,2083,334],"class_list":["post-38202","post","type-post","status-publish","format-standard","has-post-thumbnail","hentry","category-noticias","tag-avenida-brasil","tag-bairro-salgado","tag-gravida-sofre-acidente-de-moto-e-morre-apos-dar-a-luz-em-caruaru","tag-hospital-jesus-nazareno","tag-hospital-regional-do-agreste","tag-hra","tag-samu"],"_links":{"self":[{"href":"https:\/\/blogdoedvaldomagalhaes.com.br\/index.php\/wp-json\/wp\/v2\/posts\/38202","targetHints":{"allow":["GET"]}}],"collection":[{"href":"https:\/\/blogdoedvaldomagalhaes.com.br\/index.php\/wp-json\/wp\/v2\/posts"}],"about":[{"href":"https:\/\/blogdoedvaldomagalhaes.com.br\/index.php\/wp-json\/wp\/v2\/types\/post"}],"author":[{"embeddable":true,"href":"https:\/\/blogdoedvaldomagalhaes.com.br\/index.php\/wp-json\/wp\/v2\/users\/1"}],"replies":[{"embeddable":true,"href":"https:\/\/blogdoedvaldomagalhaes.com.br\/index.php\/wp-json\/wp\/v2\/comments?post=38202"}],"version-history":[{"count":5,"href":"https:\/\/blogdoedvaldomagalhaes.com.br\/index.php\/wp-json\/wp\/v2\/posts\/38202\/revisions"}],"predecessor-version":[{"id":38347,"href":"https:\/\/blogdoedvaldomagalhaes.com.br\/index.php\/wp-json\/wp\/v2\/posts\/38202\/revisions\/38347"}],"wp:featuredmedia":[{"embeddable":true,"href":"https:\/\/blogdoedvaldomagalhaes.com.br\/index.php\/wp-json\/wp\/v2\/media\/38203"}],"wp:attachment":[{"href":"https:\/\/blogdoedvaldomagalhaes.com.br\/index.php\/wp-json\/wp\/v2\/media?parent=38202"}],"wp:term":[{"taxonomy":"category","embeddable":true,"href":"https:\/\/blogdoedvaldomagalhaes.com.br\/index.php\/wp-json\/wp\/v2\/categories?post=38202"},{"taxonomy":"post_tag","embeddable":true,"href":"https:\/\/blogdoedvaldomagalhaes.com.br\/index.php\/wp-json\/wp\/v2\/tags?post=38202"}],"curies":[{"name":"wp","href":"https:\/\/api.w.org\/{rel}","templated":true}]}}