{"id":3820,"date":"2017-12-05T14:16:00","date_gmt":"2017-12-05T16:16:00","guid":{"rendered":"http:\/\/blogdoedvaldomagalhaes.com.br\/index.php\/2017\/12\/05\/raquel-lyra-recebe-deputado-federa\/"},"modified":"2019-02-09T01:55:14","modified_gmt":"2019-02-09T03:55:14","slug":"raquel-lyra-recebe-deputado-federa","status":"publish","type":"post","link":"https:\/\/blogdoedvaldomagalhaes.com.br\/index.php\/2017\/12\/05\/raquel-lyra-recebe-deputado-federa\/","title":{"rendered":"Raquel Lyra recebe deputado federal Jo\u00e3o Fernando Coutinho"},"content":{"rendered":"<div class=\"separator\" style=\"clear: both; text-align: center;\">\n<a href=\"https:\/\/3.bp.blogspot.com\/-6BIewvgN08Y\/Wiapdgj1MnI\/AAAAAAAAmLg\/N3SbWs5PcgYl39aSjcpeg4Pq5Y4y1g57QCLcBGAs\/s1600\/racreche.jpg\" imageanchor=\"1\" style=\"margin-left: 1em; margin-right: 1em;\"><img loading=\"lazy\" decoding=\"async\" border=\"0\" data-original-height=\"682\" data-original-width=\"1024\" height=\"266\" src=\"http:\/\/blogdoedvaldomagalhaes.com.br\/wp-content\/uploads\/2017\/12\/racreche.jpg\" width=\"400\" \/><\/a><\/div>\n<div class=\"separator\" style=\"clear: both; text-align: center;\">\n<\/div>\n<div style=\"background-color: white; border: 0px; margin-bottom: 1.5em; outline: 0px; padding: 0px; text-align: justify; vertical-align: baseline;\">\nA prefeita de Caruaru, Raquel Lyra, recebeu, no gabinete, na manh\u00e3 desta segunda-feira (04), uma visita do deputado federal Jo\u00e3o Fernando Coutinho, que esteve acompanhado de membros da Ordem dos Capuchinhos. Estavam presentes os freis Jociel e Franklin e o assessor Jairo Chaves. Na pauta, projetos dos capuchinhos em alus\u00e3o ao Frei Dami\u00e3o e futuras parcerias da Ordem com a Prefeitura.<\/div>\n<div style=\"text-align: justify;\">\n<\/div>\n<div class=\"separator\" style=\"clear: both; text-align: center;\">\n<a href=\"https:\/\/3.bp.blogspot.com\/-Xc1Rq9mfaT0\/WiapeiA6vjI\/AAAAAAAAmLk\/WHpM3Oa6It4SECsjAsnY3eAIXA_cKTFlwCLcBGAs\/s1600\/raqu%25C3%25A9.jpeg\" imageanchor=\"1\" style=\"margin-left: 1em; margin-right: 1em;\"><img loading=\"lazy\" decoding=\"async\" border=\"0\" data-original-height=\"853\" data-original-width=\"1280\" height=\"266\" src=\"http:\/\/blogdoedvaldomagalhaes.com.br\/wp-content\/uploads\/2017\/12\/raquC3A9.jpeg\" width=\"400\" \/><\/a><\/div>\n<div class=\"separator\" style=\"clear: both; text-align: center;\">\n<\/div>\n<div style=\"background-color: white; border: 0px; margin-bottom: 1.5em; outline: 0px; padding: 0px; text-align: justify; vertical-align: baseline;\">\nNa ocasi\u00e3o, Raquel agradeceu a visita do ex-colega de Assembleia Legislativa e se animou com a possibilidade de parcerias com a Ordem dos Capuchinhos. \u201cJo\u00e3o Fernando \u00e9 um atuante deputado federal e um grande parceiro. Agrade\u00e7o sua visita e dos freis para montarmos, aqui em Caruaru, futuramente, projetos especiais com os capuchinhos\u201d, disse a prefeita.<\/div>\n","protected":false},"excerpt":{"rendered":"<p>A prefeita de Caruaru, Raquel Lyra, recebeu, no gabinete, na manh\u00e3 desta segunda-feira (04), uma visita do deputado federal Jo\u00e3o&hellip;<\/p>\n","protected":false},"author":1,"featured_media":0,"comment_status":"open","ping_status":"open","sticky":false,"template":"","format":"standard","meta":{"footnotes":""},"categories":[1],"tags":[2,2548,4530,4531,4532,20,4533],"class_list":["post-3820","post","type-post","status-publish","format-standard","hentry","category-sem-categoria","tag-blog-do-edvaldo-magalhaes","tag-frei-damiao","tag-frei-franklin","tag-frei-jociel","tag-jairo-chaves","tag-politica","tag-raquel-lyra-recebe-deputado-federal-joao-fernando-coutinho"],"_links":{"self":[{"href":"https:\/\/blogdoedvaldomagalhaes.com.br\/index.php\/wp-json\/wp\/v2\/posts\/3820","targetHints":{"allow":["GET"]}}],"collection":[{"href":"https:\/\/blogdoedvaldomagalhaes.com.br\/index.php\/wp-json\/wp\/v2\/posts"}],"about":[{"href":"https:\/\/blogdoedvaldomagalhaes.com.br\/index.php\/wp-json\/wp\/v2\/types\/post"}],"author":[{"embeddable":true,"href":"https:\/\/blogdoedvaldomagalhaes.com.br\/index.php\/wp-json\/wp\/v2\/users\/1"}],"replies":[{"embeddable":true,"href":"https:\/\/blogdoedvaldomagalhaes.com.br\/index.php\/wp-json\/wp\/v2\/comments?post=3820"}],"version-history":[{"count":1,"href":"https:\/\/blogdoedvaldomagalhaes.com.br\/index.php\/wp-json\/wp\/v2\/posts\/3820\/revisions"}],"predecessor-version":[{"id":26811,"href":"https:\/\/blogdoedvaldomagalhaes.com.br\/index.php\/wp-json\/wp\/v2\/posts\/3820\/revisions\/26811"}],"wp:attachment":[{"href":"https:\/\/blogdoedvaldomagalhaes.com.br\/index.php\/wp-json\/wp\/v2\/media?parent=3820"}],"wp:term":[{"taxonomy":"category","embeddable":true,"href":"https:\/\/blogdoedvaldomagalhaes.com.br\/index.php\/wp-json\/wp\/v2\/categories?post=3820"},{"taxonomy":"post_tag","embeddable":true,"href":"https:\/\/blogdoedvaldomagalhaes.com.br\/index.php\/wp-json\/wp\/v2\/tags?post=3820"}],"curies":[{"name":"wp","href":"https:\/\/api.w.org\/{rel}","templated":true}]}}