{"id":3819,"date":"2017-12-05T14:21:00","date_gmt":"2017-12-05T16:21:00","guid":{"rendered":"http:\/\/blogdoedvaldomagalhaes.com.br\/index.php\/2017\/12\/05\/compesa-apresenta-projeto-da-adutora-de\/"},"modified":"2019-02-09T01:55:14","modified_gmt":"2019-02-09T03:55:14","slug":"compesa-apresenta-projeto-da-adutora-de","status":"publish","type":"post","link":"https:\/\/blogdoedvaldomagalhaes.com.br\/index.php\/2017\/12\/05\/compesa-apresenta-projeto-da-adutora-de\/","title":{"rendered":"Compesa apresenta projeto da Adutora de Serro Azul na C\u00e2mara de Caruaru nesta ter\u00e7a (5)"},"content":{"rendered":"<div class=\"separator\" style=\"clear: both; text-align: center;\">\n<a href=\"https:\/\/3.bp.blogspot.com\/-dQeJWcrJR6k\/Wiaq9m9Mp9I\/AAAAAAAAmLw\/HYQCnBaQ-_YYeXlDZkokviTcAByMAnP5ACLcBGAs\/s1600\/serro.jpg\" imageanchor=\"1\" style=\"margin-left: 1em; margin-right: 1em;\"><img loading=\"lazy\" decoding=\"async\" border=\"0\" data-original-height=\"465\" data-original-width=\"620\" height=\"300\" src=\"http:\/\/blogdoedvaldomagalhaes.com.br\/wp-content\/uploads\/2017\/12\/serro.jpg\" width=\"400\" \/><\/a><\/div>\n<div style=\"background-color: white; border: 0px; margin-bottom: 1.5em; outline: 0px; padding: 0px; text-align: justify; vertical-align: baseline;\">\n<\/div>\n<div style=\"background-color: white; border: 0px; margin-bottom: 1.5em; outline: 0px; padding: 0px; text-align: justify; vertical-align: baseline;\">\nNesta ter\u00e7a-feira (05), \u00e0s 16h, durante sess\u00e3o da C\u00e2mara Municipal de Caruaru, a Companhia Pernambucana de Saneamento (Compesa) vai apresentar o projeto da Adutora de Serro Azul, por solicita\u00e7\u00e3o do vereador Marcelo Gomes.<\/div>\n<div style=\"background-color: white; border: 0px; margin-bottom: 1.5em; outline: 0px; padding: 0px; text-align: justify; vertical-align: baseline;\">\nO objetivo \u00e9 levar ao conhecimento da sociedade o projeto que ir\u00e1 garantir \u00e1gua para 800 mil pessoas da regi\u00e3o Agreste. Ser\u00e3o beneficiadas as cidades de Caruaru, Bezerros, Gravat\u00e1, S\u00e3o Caetano, Belo Jardim, Sanhar\u00f3, Tacaimb\u00f3, S\u00e3o Bento do Una, Toritama e Santa Cruz do Capibaribe. Marcelo Gomes destacou a import\u00e2ncia da Compesa de apresentar a obra diretamente aos caruaruenses.&nbsp;<\/div>\n<div style=\"background-color: white; border: 0px; margin-bottom: 1.5em; outline: 0px; padding: 0px; text-align: justify; vertical-align: baseline;\">\nEstar\u00e3o presentes o diretor t\u00e9cnico e de engenharia da Compesa, R\u00f4mulo Aur\u00e9lio; Arthur Correia, gerente de obras especiais; Fl\u00e1vio Coutinho, gerente de projetos de engenharia; e M\u00e1rio Heitor Filho, gerente da Unidade de Neg\u00f3cios Regional Agreste Central.<\/div>\n<div style=\"background-color: white; border: 0px; outline: 0px; padding: 0px; text-align: justify; vertical-align: baseline;\">\nA Adutora de Serro Azul ser\u00e1 constru\u00edda a partir da Barragem de Serro Azul, na cidade de Palmares, e ter\u00e1 68 quil\u00f4metros de extens\u00e3o, garantindo uma vaz\u00e3o de 500 litros de \u00e1gua por segundo. A obra receber\u00e1 investimentos de R$ 200 milh\u00f5es, recursos vindos do Governo do Estado e da Compesa, com financiamento do Banco Interamericano de Desenvolvimento (BID).<\/div>\n","protected":false},"excerpt":{"rendered":"<p>Nesta ter\u00e7a-feira (05), \u00e0s 16h, durante sess\u00e3o da C\u00e2mara Municipal de Caruaru, a Companhia Pernambucana de Saneamento (Compesa) vai apresentar&hellip;<\/p>\n","protected":false},"author":1,"featured_media":0,"comment_status":"open","ping_status":"open","sticky":false,"template":"","format":"standard","meta":{"footnotes":""},"categories":[1],"tags":[2,4529,379,20],"class_list":["post-3819","post","type-post","status-publish","format-standard","hentry","category-sem-categoria","tag-blog-do-edvaldo-magalhaes","tag-compesa-apresenta-projeto-da-adutora-de-serro-azul-na-camara-de-caruaru-nesta-terca-5","tag-marcelo-gomes","tag-politica"],"_links":{"self":[{"href":"https:\/\/blogdoedvaldomagalhaes.com.br\/index.php\/wp-json\/wp\/v2\/posts\/3819","targetHints":{"allow":["GET"]}}],"collection":[{"href":"https:\/\/blogdoedvaldomagalhaes.com.br\/index.php\/wp-json\/wp\/v2\/posts"}],"about":[{"href":"https:\/\/blogdoedvaldomagalhaes.com.br\/index.php\/wp-json\/wp\/v2\/types\/post"}],"author":[{"embeddable":true,"href":"https:\/\/blogdoedvaldomagalhaes.com.br\/index.php\/wp-json\/wp\/v2\/users\/1"}],"replies":[{"embeddable":true,"href":"https:\/\/blogdoedvaldomagalhaes.com.br\/index.php\/wp-json\/wp\/v2\/comments?post=3819"}],"version-history":[{"count":1,"href":"https:\/\/blogdoedvaldomagalhaes.com.br\/index.php\/wp-json\/wp\/v2\/posts\/3819\/revisions"}],"predecessor-version":[{"id":26813,"href":"https:\/\/blogdoedvaldomagalhaes.com.br\/index.php\/wp-json\/wp\/v2\/posts\/3819\/revisions\/26813"}],"wp:attachment":[{"href":"https:\/\/blogdoedvaldomagalhaes.com.br\/index.php\/wp-json\/wp\/v2\/media?parent=3819"}],"wp:term":[{"taxonomy":"category","embeddable":true,"href":"https:\/\/blogdoedvaldomagalhaes.com.br\/index.php\/wp-json\/wp\/v2\/categories?post=3819"},{"taxonomy":"post_tag","embeddable":true,"href":"https:\/\/blogdoedvaldomagalhaes.com.br\/index.php\/wp-json\/wp\/v2\/tags?post=3819"}],"curies":[{"name":"wp","href":"https:\/\/api.w.org\/{rel}","templated":true}]}}