{"id":38180,"date":"2019-02-09T22:20:34","date_gmt":"2019-02-10T00:20:34","guid":{"rendered":"http:\/\/blogdoedvaldomagalhaes.com.br\/?p=38180"},"modified":"2019-02-10T09:25:31","modified_gmt":"2019-02-10T12:25:31","slug":"nautico-e-santa-empatam-no-primeiro-classico-de-2019-nos-aflitos","status":"publish","type":"post","link":"https:\/\/blogdoedvaldomagalhaes.com.br\/index.php\/2019\/02\/09\/nautico-e-santa-empatam-no-primeiro-classico-de-2019-nos-aflitos\/","title":{"rendered":"N\u00e1utico e Santa empatam no primeiro cl\u00e1ssico de 2019 nos Aflitos"},"content":{"rendered":"\n<p>O primeiro cl\u00e1ssico disputado no reinaugurado Aflitos foi marcado por um bom n\u00famero de gols, por\u00e9m sem um lado vitorioso. Em um duelo pouco inspirado, mas que fez jus \u00e0 alcunha de Cl\u00e1ssico das Emo\u00e7\u00f5es, N\u00e1utico e Santa Cruz ficaram no 2\u00d72 na noite deste s\u00e1bado (9). Pipico marcou os dois gols corais, enquanto Jorge Henrique e Vit\u00e3o (contra), fizeram para o Timbu. O resultado deixa a Cobra Coral em segundo lugar no grupo A, com cinco pontos, e os alvirrubros em quinto no Grupo B, com os mesmo cinco pontos.<\/p>\n\n\n\n<p>Logo nos minutos iniciais, o N\u00e1utico partiu para o abafa, impulsionado pela torcida. A empolga\u00e7\u00e3o dos donos da casa n\u00e3o duraria muito. Logo aos sete minutos, ap\u00f3s um erro de Jorge Henrique na frente, o Santa engatou r\u00e1pido contra-ataque pela esquerda. Allan Dias mandou para o meio da \u00e1rea. Pipico dominou, tirou da marca\u00e7\u00e3o e abriu o placar, marcando o seu primeiro gols na temporada.<\/p>\n\n\n\n<p>O N\u00e1utico buscava a rea\u00e7\u00e3o, mas trope\u00e7ava nos pr\u00f3prios erros. Lucas Para\u00edba errava quase tudo e Jorge Henrique tinha dificuldades para dar sequ\u00eancia \u00e0s jogadas. Numa delas, o pr\u00f3prio meia-atacante parou duas vezes em Ricardo Ernesto. Pouco depois, aos 26, o veterano se redimiu do erro no in\u00edcio do jogo. Ap\u00f3s cruzamento de Wallace Pernambucano, Jorge Henrique apareceu na \u00e1rea e cabeceou para o gol.<\/p>\n\n\n\n<p>Ap\u00f3s o empate, o duelo ganharia contornos de tranquilidade e os lances de emo\u00e7\u00e3o ficaram mais escassos. A morosidade s\u00f3 continuaria at\u00e9 o in\u00edcio do segundo tempo. Aos cinco minutos, Andr\u00e9 Krobel saiu da lateral, foi dar o bote em Allan Dias, mas o meia tricolor encontrou Elias, livre no corredor pela direita. O atacante arrancou sem dificuldades e cruzou para Pipico, de novo ele, fazer o segundo.<\/p>\n\n\n\n<p>A partir da\u00ed, o Timbu passou a ficar no desespero, enquanto o Tricolor apenas esperava as investidas do advers\u00e1rio para encaixar um contragolpe. Em meados da etapa final, M\u00e1rcio Goiano tirou Andr\u00e9 Krobel e mandou Luiz Henrique para a direita. A mudan\u00e7a surtiu efeito imediato. Aos 22, Luiz Henrique cruzou pela direita e Vit\u00e3o marcou contra o pr\u00f3prio gol, fechando a conta.<\/p>\n\n\n\n<p>FICHA DO JOGO<\/p>\n\n\n\n<p>N\u00e1utico 2<br>\nBruno; Andr\u00e9 Krobel (F\u00e1bio Matos), Diego Silva, Sueliton e Gabriel Ara\u00fajo; Jim\u00e9nez, Luiz Henrique e Lucas Para\u00edba; Jorge Henrique (Tiago), Robinho e Wallace Pernambucano. T\u00e9cnico: M\u00e1rcio Goiano<\/p>\n\n\n\n<p>Santa Cruz 2<br>\nRicardo Ernesto; Marcos Martins, Vit\u00e3o, Danny Morais e Bruno R\u00e9; Charles (Eduardo), Diego Lorenzi e Allan Dias; J\u00f4 (Augusto), Elias (Jeremias) e Pipico: T\u00e9cnico: Leston J\u00fanior<\/p>\n\n\n\n<p>Local: Aflitos<br>\n\u00c1rbitro: Marielson Alves Silva (BA). Assistentes: Marcos Welb Rocha de Amorim (BA) e Elicarlos Franco de Oliveira (BA).<br>\nGols: Pipico, aos sete minutos do 1\u00baT; Jorge Henrique, aos 26 do 1\u00baT; Pipico, aos cinco do 2\u00baT; Vit\u00e3o (contra), aos 22 do 2\u00baT<br>\nCart\u00f5es amarelos: Robinho, Sueliton, Wallace Pernambucano (N); J\u00f4, Augusto, Charles, Marcos Martins (S)<br>\nP\u00fablico: 6.017 Renda: R$ 117.544,00<\/p>\n\n\n\n<p>Do Portal FolhaPE<\/p>\n\n\n\n<p>Foto: Kleyvson Santos<\/p>\n","protected":false},"excerpt":{"rendered":"<p>O primeiro cl\u00e1ssico disputado no reinaugurado Aflitos foi marcado por um bom n\u00famero de gols, por\u00e9m sem um lado vitorioso.&hellip;<\/p>\n","protected":false},"author":1,"featured_media":38181,"comment_status":"closed","ping_status":"open","sticky":false,"template":"","format":"standard","meta":{"footnotes":""},"categories":[1],"tags":[14115,14117,14112],"class_list":["post-38180","post","type-post","status-publish","format-standard","has-post-thumbnail","hentry","category-sem-categoria","tag-diego-silva","tag-luiz-henrique-e-lucas-paraiba-jorge-henrique-tiago","tag-nautico-e-santa-empatam-no-primeiro-classico-de-2019-nos-aflitos"],"_links":{"self":[{"href":"https:\/\/blogdoedvaldomagalhaes.com.br\/index.php\/wp-json\/wp\/v2\/posts\/38180","targetHints":{"allow":["GET"]}}],"collection":[{"href":"https:\/\/blogdoedvaldomagalhaes.com.br\/index.php\/wp-json\/wp\/v2\/posts"}],"about":[{"href":"https:\/\/blogdoedvaldomagalhaes.com.br\/index.php\/wp-json\/wp\/v2\/types\/post"}],"author":[{"embeddable":true,"href":"https:\/\/blogdoedvaldomagalhaes.com.br\/index.php\/wp-json\/wp\/v2\/users\/1"}],"replies":[{"embeddable":true,"href":"https:\/\/blogdoedvaldomagalhaes.com.br\/index.php\/wp-json\/wp\/v2\/comments?post=38180"}],"version-history":[{"count":3,"href":"https:\/\/blogdoedvaldomagalhaes.com.br\/index.php\/wp-json\/wp\/v2\/posts\/38180\/revisions"}],"predecessor-version":[{"id":38256,"href":"https:\/\/blogdoedvaldomagalhaes.com.br\/index.php\/wp-json\/wp\/v2\/posts\/38180\/revisions\/38256"}],"wp:featuredmedia":[{"embeddable":true,"href":"https:\/\/blogdoedvaldomagalhaes.com.br\/index.php\/wp-json\/wp\/v2\/media\/38181"}],"wp:attachment":[{"href":"https:\/\/blogdoedvaldomagalhaes.com.br\/index.php\/wp-json\/wp\/v2\/media?parent=38180"}],"wp:term":[{"taxonomy":"category","embeddable":true,"href":"https:\/\/blogdoedvaldomagalhaes.com.br\/index.php\/wp-json\/wp\/v2\/categories?post=38180"},{"taxonomy":"post_tag","embeddable":true,"href":"https:\/\/blogdoedvaldomagalhaes.com.br\/index.php\/wp-json\/wp\/v2\/tags?post=38180"}],"curies":[{"name":"wp","href":"https:\/\/api.w.org\/{rel}","templated":true}]}}