{"id":3818,"date":"2017-12-05T14:48:00","date_gmt":"2017-12-05T16:48:00","guid":{"rendered":"http:\/\/blogdoedvaldomagalhaes.com.br\/index.php\/2017\/12\/05\/crime-de-morte-dentro-de-salao-de\/"},"modified":"2019-02-09T01:55:15","modified_gmt":"2019-02-09T03:55:15","slug":"crime-de-morte-dentro-de-salao-de","status":"publish","type":"post","link":"https:\/\/blogdoedvaldomagalhaes.com.br\/index.php\/2017\/12\/05\/crime-de-morte-dentro-de-salao-de\/","title":{"rendered":"Usu\u00e1rio de droga assassinado dentro de sal\u00e3o de cabeleiro em Caruaru"},"content":{"rendered":"<div class=\"separator\" style=\"clear: both; text-align: center;\">\n<\/div>\n<div style=\"background-color: white; margin-bottom: 6px; text-align: justify;\">\n<div class=\"separator\" style=\"clear: both; text-align: center;\">\n<a href=\"https:\/\/1.bp.blogspot.com\/-3EdkUx6R0DM\/Wia5iK27hrI\/AAAAAAAAmMs\/Z-Ym-oqwYHkHMH5bffvPCdOhZQryqRXKACLcBGAs\/s1600\/IMG-20171205-WA0202.jpg\" imageanchor=\"1\" style=\"margin-left: 1em; margin-right: 1em;\"><img loading=\"lazy\" decoding=\"async\" border=\"0\" data-original-height=\"584\" data-original-width=\"1040\" height=\"222\" src=\"http:\/\/blogdoedvaldomagalhaes.com.br\/wp-content\/uploads\/2017\/12\/IMG-20171205-WA0202.jpg\" width=\"400\" \/><\/a><\/div>\n<div class=\"separator\" style=\"clear: both; text-align: center;\">\nFotos: Josias Souza\/Sem Meias Palavras<\/div>\n<div class=\"separator\" style=\"clear: both; text-align: center;\">\n<a href=\"https:\/\/4.bp.blogspot.com\/-YxE9v4zi4BA\/Wia5nB1urII\/AAAAAAAAmMw\/wtxmQdLdjQsiDi7ZKotnSV2JNElL9HfagCLcBGAs\/s1600\/IMG-20171205-WA0204.jpg\" imageanchor=\"1\" style=\"margin-left: 1em; margin-right: 1em;\"><img loading=\"lazy\" decoding=\"async\" border=\"0\" data-original-height=\"584\" data-original-width=\"1040\" height=\"222\" src=\"http:\/\/blogdoedvaldomagalhaes.com.br\/wp-content\/uploads\/2017\/12\/IMG-20171205-WA0204.jpg\" width=\"400\" \/><\/a><\/div>\n<p><\/p>\n<div class=\"separator\" style=\"clear: both; text-align: center;\">\n<a href=\"https:\/\/1.bp.blogspot.com\/-6KnGTw0tqPQ\/Wia5qGUyZpI\/AAAAAAAAmM0\/CoscD_txaOw9X3MwCAGKBOydgeGsYv0vgCLcBGAs\/s1600\/IMG-20171205-WA0200.jpg\" imageanchor=\"1\" style=\"margin-left: 1em; margin-right: 1em;\"><img loading=\"lazy\" decoding=\"async\" border=\"0\" data-original-height=\"584\" data-original-width=\"1040\" height=\"222\" src=\"http:\/\/blogdoedvaldomagalhaes.com.br\/wp-content\/uploads\/2017\/12\/IMG-20171205-WA0200.jpg\" width=\"400\" \/><\/a><\/div>\n<p><\/p>\n<div class=\"separator\" style=\"clear: both; text-align: center;\">\n<a href=\"https:\/\/4.bp.blogspot.com\/-ck5bvVSK9hI\/Wia5uDw8V-I\/AAAAAAAAmM4\/Ad8jhtAvZfEmd1meUlqH-bdl8hC8Bw3nACLcBGAs\/s1600\/IMG-20171205-WA0198.jpg\" imageanchor=\"1\" style=\"margin-left: 1em; margin-right: 1em;\"><img loading=\"lazy\" decoding=\"async\" border=\"0\" data-original-height=\"584\" data-original-width=\"1040\" height=\"222\" src=\"http:\/\/blogdoedvaldomagalhaes.com.br\/wp-content\/uploads\/2017\/12\/IMG-20171205-WA0198.jpg\" width=\"400\" \/><\/a><\/div>\n<p><\/div>\n<div style=\"background-color: white; margin-bottom: 6px; text-align: justify;\">\nUm homic\u00eddio registrado por volta das 10h da manh\u00e3 desta ter\u00e7a-feira (05) no sitio Lajes, zona rural de Caruaru, a v\u00edtima foi Erivelton Erivonaldo da Silva, de 20 anos, que estava em um sal\u00e3o de cabeleireiro cortando o cabelo, quando foi assassinada com disparos de arma de fogo. Familiares disseram que a v\u00edtima era usu\u00e1ria de droga.<\/p>\n<p><\/p>\n<div class=\"separator\" style=\"clear: both; text-align: center;\">\n<a href=\"https:\/\/1.bp.blogspot.com\/-8GUGOjpEIwQ\/Wia02bbCXrI\/AAAAAAAAmMc\/9N-up15fwwoNfasihuXrYFfraDngEYfZgCLcBGAs\/s1600\/IMG-20171205-WA0143.jpg\" imageanchor=\"1\" style=\"margin-left: 1em; margin-right: 1em;\"><img loading=\"lazy\" decoding=\"async\" border=\"0\" data-original-height=\"720\" data-original-width=\"867\" height=\"331\" src=\"http:\/\/blogdoedvaldomagalhaes.com.br\/wp-content\/uploads\/2017\/12\/IMG-20171205-WA0143.jpg\" width=\"400\" \/><\/a><\/div>\n<p><\/div>\n<div style=\"background-color: white; display: inline; margin-top: 6px;\">\n<\/div>\n<div style=\"text-align: justify;\">\nCom esse homic\u00eddio \u00e9 o 5\u00b0 do m\u00eas de Dezembro e o 256\u00b0 do ano de 2017 na cidade de Caruaru<\/div>\n","protected":false},"excerpt":{"rendered":"<p>Fotos: Josias Souza\/Sem Meias Palavras Um homic\u00eddio registrado por volta das 10h da manh\u00e3 desta ter\u00e7a-feira (05) no sitio Lajes,&hellip;<\/p>\n","protected":false},"author":1,"featured_media":0,"comment_status":"open","ping_status":"open","sticky":false,"template":"","format":"standard","meta":{"footnotes":""},"categories":[1],"tags":[2,3186,13,4528],"class_list":["post-3818","post","type-post","status-publish","format-standard","hentry","category-sem-categoria","tag-blog-do-edvaldo-magalhaes","tag-noticias-policiais-de-caruaru","tag-policial","tag-usuario-de-droga-assassinado-dentro-de-salao-de-cabeleiro-em-caruaru"],"_links":{"self":[{"href":"https:\/\/blogdoedvaldomagalhaes.com.br\/index.php\/wp-json\/wp\/v2\/posts\/3818","targetHints":{"allow":["GET"]}}],"collection":[{"href":"https:\/\/blogdoedvaldomagalhaes.com.br\/index.php\/wp-json\/wp\/v2\/posts"}],"about":[{"href":"https:\/\/blogdoedvaldomagalhaes.com.br\/index.php\/wp-json\/wp\/v2\/types\/post"}],"author":[{"embeddable":true,"href":"https:\/\/blogdoedvaldomagalhaes.com.br\/index.php\/wp-json\/wp\/v2\/users\/1"}],"replies":[{"embeddable":true,"href":"https:\/\/blogdoedvaldomagalhaes.com.br\/index.php\/wp-json\/wp\/v2\/comments?post=3818"}],"version-history":[{"count":1,"href":"https:\/\/blogdoedvaldomagalhaes.com.br\/index.php\/wp-json\/wp\/v2\/posts\/3818\/revisions"}],"predecessor-version":[{"id":26819,"href":"https:\/\/blogdoedvaldomagalhaes.com.br\/index.php\/wp-json\/wp\/v2\/posts\/3818\/revisions\/26819"}],"wp:attachment":[{"href":"https:\/\/blogdoedvaldomagalhaes.com.br\/index.php\/wp-json\/wp\/v2\/media?parent=3818"}],"wp:term":[{"taxonomy":"category","embeddable":true,"href":"https:\/\/blogdoedvaldomagalhaes.com.br\/index.php\/wp-json\/wp\/v2\/categories?post=3818"},{"taxonomy":"post_tag","embeddable":true,"href":"https:\/\/blogdoedvaldomagalhaes.com.br\/index.php\/wp-json\/wp\/v2\/tags?post=3818"}],"curies":[{"name":"wp","href":"https:\/\/api.w.org\/{rel}","templated":true}]}}