{"id":3816,"date":"2017-12-05T23:54:00","date_gmt":"2017-12-06T01:54:00","guid":{"rendered":"http:\/\/blogdoedvaldomagalhaes.com.br\/index.php\/2017\/12\/05\/ministerio-publico-notifica-secretario\/"},"modified":"2019-02-09T01:55:19","modified_gmt":"2019-02-09T03:55:19","slug":"ministerio-publico-notifica-secretario","status":"publish","type":"post","link":"https:\/\/blogdoedvaldomagalhaes.com.br\/index.php\/2017\/12\/05\/ministerio-publico-notifica-secretario\/","title":{"rendered":"Minist\u00e9rio P\u00fablico notifica secret\u00e1rio de Educa\u00e7\u00e3o de Caruaru sobre merenda"},"content":{"rendered":"<div class=\"separator\" style=\"clear: both; text-align: center;\">\n<a href=\"https:\/\/4.bp.blogspot.com\/-kauzRF9WZMs\/WicxOJfdADI\/AAAAAAAAmNo\/60Q63_J7s8IbP4aSf9aiavg1n9kmXCrgQCLcBGAs\/s1600\/mp.jpg\" imageanchor=\"1\" style=\"margin-left: 1em; margin-right: 1em;\"><img loading=\"lazy\" decoding=\"async\" border=\"0\" data-original-height=\"1024\" data-original-width=\"768\" height=\"640\" src=\"http:\/\/blogdoedvaldomagalhaes.com.br\/wp-content\/uploads\/2017\/12\/mp.jpg\" width=\"472\" \/><\/a><\/div>\n<div style=\"background-color: white; box-sizing: border-box; line-height: 24px; margin-bottom: 10px; text-align: justify;\">\n<\/div>\n<div style=\"background-color: white; box-sizing: border-box; line-height: 24px; margin-bottom: 10px; text-align: justify;\">\nO Minist\u00e9rio P\u00fablico Federal (MPF) notificou o secret\u00e1rio de Educa\u00e7\u00e3o de Caruaru, Rubenildo Moura, para comparecer a uma oitiva no dia 11 deste m\u00eas, a fim de prestar depoimento no inqu\u00e9rito instaurado pelo \u00f3rg\u00e3o, que investiga suposta irregularidade na contrata\u00e7\u00e3o de g\u00eaneros aliment\u00edcios para a alimenta\u00e7\u00e3o escolar a envolver a pessoa jur\u00eddica JV de Abreu Distribuidora de Alimentos e a Prefeitura de Caruaru, no ano de 2017.<\/div>\n<div style=\"background-color: white; box-sizing: border-box; line-height: 24px; margin-bottom: 10px; text-align: justify;\">\nO MPF abriu inqu\u00e9rito para investigar o porque da prefeita Raquel Lyra (PSDB) ter contratado, atrav\u00e9s de dispensa de licita\u00e7\u00e3o, por valor superior a 1 milh\u00e3o de reais, uma empresa que iniciara suas atividades h\u00e1 menos de um m\u00eas, assim como esclarecer as sucessivas contrata\u00e7\u00f5es da referida empresa por dispensa de licita\u00e7\u00e3o nos cinco primeiros meses do ano.<\/div>\n<div style=\"background-color: white; box-sizing: border-box; line-height: 24px; margin-bottom: 10px; text-align: justify;\">\nNa abertura do inqu\u00e9rito, o procurador que atua em Caruaru pediu tamb\u00e9m para a Procuradoria Regional da Rep\u00fablica, \u00f3rg\u00e3o do MPF de segunda inst\u00e2ncia no Recife, abrir uma investiga\u00e7\u00e3o preliminar sobre a prefeita, pela dispensa de licita\u00e7\u00e3o.<\/div>\n<div style=\"background-color: white; box-sizing: border-box; line-height: 24px; margin-bottom: 10px; text-align: justify;\">\nAs investiga\u00e7\u00f5es s\u00e3o federais porque a Prefeitura de Caruaru recebe complementa\u00e7\u00e3o de verba da Uni\u00e3o para a merenda.<\/p>\n<p>Fonte: R\u00e1dio Liberdade.<\/p><\/div>\n","protected":false},"excerpt":{"rendered":"<p>O Minist\u00e9rio P\u00fablico Federal (MPF) notificou o secret\u00e1rio de Educa\u00e7\u00e3o de Caruaru, Rubenildo Moura, para comparecer a uma oitiva no&hellip;<\/p>\n","protected":false},"author":1,"featured_media":0,"comment_status":"open","ping_status":"open","sticky":false,"template":"","format":"standard","meta":{"footnotes":""},"categories":[1],"tags":[2,4525,6,1229,4526],"class_list":["post-3816","post","type-post","status-publish","format-standard","hentry","category-sem-categoria","tag-blog-do-edvaldo-magalhaes","tag-ministerio-publico-notifica-secretario-de-educacao-de-caruaru-sobre-merenda","tag-noticias","tag-raquel-lyra","tag-rubenildo-moura"],"_links":{"self":[{"href":"https:\/\/blogdoedvaldomagalhaes.com.br\/index.php\/wp-json\/wp\/v2\/posts\/3816","targetHints":{"allow":["GET"]}}],"collection":[{"href":"https:\/\/blogdoedvaldomagalhaes.com.br\/index.php\/wp-json\/wp\/v2\/posts"}],"about":[{"href":"https:\/\/blogdoedvaldomagalhaes.com.br\/index.php\/wp-json\/wp\/v2\/types\/post"}],"author":[{"embeddable":true,"href":"https:\/\/blogdoedvaldomagalhaes.com.br\/index.php\/wp-json\/wp\/v2\/users\/1"}],"replies":[{"embeddable":true,"href":"https:\/\/blogdoedvaldomagalhaes.com.br\/index.php\/wp-json\/wp\/v2\/comments?post=3816"}],"version-history":[{"count":1,"href":"https:\/\/blogdoedvaldomagalhaes.com.br\/index.php\/wp-json\/wp\/v2\/posts\/3816\/revisions"}],"predecessor-version":[{"id":26823,"href":"https:\/\/blogdoedvaldomagalhaes.com.br\/index.php\/wp-json\/wp\/v2\/posts\/3816\/revisions\/26823"}],"wp:attachment":[{"href":"https:\/\/blogdoedvaldomagalhaes.com.br\/index.php\/wp-json\/wp\/v2\/media?parent=3816"}],"wp:term":[{"taxonomy":"category","embeddable":true,"href":"https:\/\/blogdoedvaldomagalhaes.com.br\/index.php\/wp-json\/wp\/v2\/categories?post=3816"},{"taxonomy":"post_tag","embeddable":true,"href":"https:\/\/blogdoedvaldomagalhaes.com.br\/index.php\/wp-json\/wp\/v2\/tags?post=3816"}],"curies":[{"name":"wp","href":"https:\/\/api.w.org\/{rel}","templated":true}]}}