{"id":3813,"date":"2017-12-06T13:10:00","date_gmt":"2017-12-06T15:10:00","guid":{"rendered":"http:\/\/blogdoedvaldomagalhaes.com.br\/index.php\/2017\/12\/06\/motociclista-bate-de-frente-co\/"},"modified":"2019-02-09T01:55:20","modified_gmt":"2019-02-09T03:55:20","slug":"motociclista-bate-de-frente-co","status":"publish","type":"post","link":"https:\/\/blogdoedvaldomagalhaes.com.br\/index.php\/2017\/12\/06\/motociclista-bate-de-frente-co\/","title":{"rendered":"Motociclista bate de frente com caminh\u00e3o-pipa em Caruaru"},"content":{"rendered":"<div class=\"separator\" style=\"clear: both; text-align: center;\">\n<\/div>\n<p><\/p>\n<div class=\"separator\" style=\"clear: both; text-align: center;\">\n<a href=\"https:\/\/4.bp.blogspot.com\/-6J82RqZ7qBg\/Wifqzj_rg8I\/AAAAAAAAmOg\/rjNW3EtzXfQUVu-X1FdNOpSDvk7AULQ7gCLcBGAs\/s1600\/2.jpg\" imageanchor=\"1\" style=\"margin-left: 1em; margin-right: 1em;\"><img loading=\"lazy\" decoding=\"async\" border=\"0\" data-original-height=\"960\" data-original-width=\"540\" height=\"400\" src=\"http:\/\/blogdoedvaldomagalhaes.com.br\/wp-content\/uploads\/2017\/12\/2.jpg\" width=\"225\" \/><\/a><\/div>\n<div style=\"text-align: justify;\">\n<\/div>\n<div style=\"text-align: justify;\">\nUm grave acidente ocorreu na manh\u00e3 desta quarta-feira (06), na rua do Vassoural, em Caruaru. Um motociclista fez uma ultrapassagem e ao tentar desviar de outra moto que vinha em sentido contr\u00e1rio, tocou no guid\u00e3o da outra motocicleta e perdeu o controle e bateu de frente de um caminh\u00e3o-pipa que estava estacionado. O Samu socorreu a v\u00edtima para o Hospital Regional do Agreste (HRA).<\/div>\n<div style=\"text-align: justify;\">\n<\/div>\n<div class=\"separator\" style=\"clear: both; text-align: center;\">\n<a href=\"https:\/\/4.bp.blogspot.com\/-_5dJKNyir5U\/Wifqx3uDhaI\/AAAAAAAAmOc\/0JdpE3qs0rg2tsHviiRe0sPrQPRXLbc7gCLcBGAs\/s1600\/acidente%2B1.jpg\" imageanchor=\"1\" style=\"margin-left: 1em; margin-right: 1em;\"><img loading=\"lazy\" decoding=\"async\" border=\"0\" data-original-height=\"436\" data-original-width=\"635\" height=\"271\" src=\"http:\/\/blogdoedvaldomagalhaes.com.br\/wp-content\/uploads\/2017\/12\/acidente1.jpg\" width=\"400\" \/><\/a><\/div>\n<div style=\"text-align: justify;\">\n<\/div>\n","protected":false},"excerpt":{"rendered":"<p>Um grave acidente ocorreu na manh\u00e3 desta quarta-feira (06), na rua do Vassoural, em Caruaru. Um motociclista fez uma ultrapassagem&hellip;<\/p>\n","protected":false},"author":1,"featured_media":0,"comment_status":"open","ping_status":"open","sticky":false,"template":"","format":"standard","meta":{"footnotes":""},"categories":[1],"tags":[2,312,2083,4519,6],"class_list":["post-3813","post","type-post","status-publish","format-standard","hentry","category-sem-categoria","tag-blog-do-edvaldo-magalhaes","tag-hospital-regional-do-agreste","tag-hra","tag-motociclista-bate-de-frente-com-caminhao-pipa-em-caruaru","tag-noticias"],"_links":{"self":[{"href":"https:\/\/blogdoedvaldomagalhaes.com.br\/index.php\/wp-json\/wp\/v2\/posts\/3813","targetHints":{"allow":["GET"]}}],"collection":[{"href":"https:\/\/blogdoedvaldomagalhaes.com.br\/index.php\/wp-json\/wp\/v2\/posts"}],"about":[{"href":"https:\/\/blogdoedvaldomagalhaes.com.br\/index.php\/wp-json\/wp\/v2\/types\/post"}],"author":[{"embeddable":true,"href":"https:\/\/blogdoedvaldomagalhaes.com.br\/index.php\/wp-json\/wp\/v2\/users\/1"}],"replies":[{"embeddable":true,"href":"https:\/\/blogdoedvaldomagalhaes.com.br\/index.php\/wp-json\/wp\/v2\/comments?post=3813"}],"version-history":[{"count":1,"href":"https:\/\/blogdoedvaldomagalhaes.com.br\/index.php\/wp-json\/wp\/v2\/posts\/3813\/revisions"}],"predecessor-version":[{"id":26831,"href":"https:\/\/blogdoedvaldomagalhaes.com.br\/index.php\/wp-json\/wp\/v2\/posts\/3813\/revisions\/26831"}],"wp:attachment":[{"href":"https:\/\/blogdoedvaldomagalhaes.com.br\/index.php\/wp-json\/wp\/v2\/media?parent=3813"}],"wp:term":[{"taxonomy":"category","embeddable":true,"href":"https:\/\/blogdoedvaldomagalhaes.com.br\/index.php\/wp-json\/wp\/v2\/categories?post=3813"},{"taxonomy":"post_tag","embeddable":true,"href":"https:\/\/blogdoedvaldomagalhaes.com.br\/index.php\/wp-json\/wp\/v2\/tags?post=3813"}],"curies":[{"name":"wp","href":"https:\/\/api.w.org\/{rel}","templated":true}]}}