{"id":3793,"date":"2017-12-07T23:42:00","date_gmt":"2017-12-08T01:42:00","guid":{"rendered":"http:\/\/blogdoedvaldomagalhaes.com.br\/index.php\/2017\/12\/07\/preparador-fisico-se-apresenta-ao\/"},"modified":"2019-02-09T01:55:33","modified_gmt":"2019-02-09T03:55:33","slug":"preparador-fisico-se-apresenta-ao","status":"publish","type":"post","link":"https:\/\/blogdoedvaldomagalhaes.com.br\/index.php\/2017\/12\/07\/preparador-fisico-se-apresenta-ao\/","title":{"rendered":"Preparador f\u00edsico se apresenta ao Central de Caruaru"},"content":{"rendered":"<div class=\"separator\" style=\"clear: both; text-align: center;\">\n<a href=\"https:\/\/2.bp.blogspot.com\/-kAPHEO9vJg4\/WinRQnscHgI\/AAAAAAAAmWw\/DLToQhGBBHU2s6Y-x0DrMbmv9mbGmjwwACLcBGAs\/s1600\/foto.jpg\" imageanchor=\"1\" style=\"margin-left: 1em; margin-right: 1em;\"><img loading=\"lazy\" decoding=\"async\" border=\"0\" data-original-height=\"492\" data-original-width=\"696\" height=\"281\" src=\"http:\/\/blogdoedvaldomagalhaes.com.br\/wp-content\/uploads\/2017\/12\/foto-1.jpg\" width=\"400\" \/><\/a><\/div>\n<div class=\"separator\" style=\"clear: both; text-align: center;\">\nFoto: Dayvson Robert<\/div>\n<div style=\"background-color: white; box-sizing: border-box; line-height: 26px; margin-bottom: 26px; text-align: justify; word-wrap: break-word;\">\n<\/div>\n<div style=\"background-color: white; box-sizing: border-box; line-height: 26px; margin-bottom: 26px; text-align: justify; word-wrap: break-word;\">\nNo final da tarde desta quinta-feira (07), Odair Mourato se apresentou ao Central de Caruaru, para iniciar o trabalho na prepara\u00e7\u00e3o f\u00edsica visando a temporada 2018. Ele chega para trabalhar com o auxiliar t\u00e9cnico Luiz Henrique e o t\u00e9cnico Mauro Fernandes.<\/div>\n<div style=\"background-color: white; box-sizing: border-box; line-height: 26px; margin-bottom: 26px; text-align: justify; word-wrap: break-word;\">\nOdair tem passagens pelo Vila Nova-GO, Democrata-MG, Anapolina-GO, Am\u00e9rica de Te\u00f3filo Otoni, Goian\u00e9sia, Ceil\u00e2ndia e Jataiense.<\/div>\n","protected":false},"excerpt":{"rendered":"<p>Foto: Dayvson Robert No final da tarde desta quinta-feira (07), Odair Mourato se apresentou ao Central de Caruaru, para iniciar&hellip;<\/p>\n","protected":false},"author":1,"featured_media":0,"comment_status":"open","ping_status":"open","sticky":false,"template":"","format":"standard","meta":{"footnotes":""},"categories":[1],"tags":[4489,4490,2,4491,4492,3,4493,4494,4495,4496],"class_list":["post-3793","post","type-post","status-publish","format-standard","hentry","category-sem-categoria","tag-america-de-teofilo-otoni","tag-anapolina-go","tag-blog-do-edvaldo-magalhaes","tag-ceilandia","tag-democrata-mg","tag-futebol","tag-goianesia","tag-odair-mourato","tag-preparador-fisico-se-apresenta-ao-central-de-caruaru","tag-vila-nova-go"],"_links":{"self":[{"href":"https:\/\/blogdoedvaldomagalhaes.com.br\/index.php\/wp-json\/wp\/v2\/posts\/3793","targetHints":{"allow":["GET"]}}],"collection":[{"href":"https:\/\/blogdoedvaldomagalhaes.com.br\/index.php\/wp-json\/wp\/v2\/posts"}],"about":[{"href":"https:\/\/blogdoedvaldomagalhaes.com.br\/index.php\/wp-json\/wp\/v2\/types\/post"}],"author":[{"embeddable":true,"href":"https:\/\/blogdoedvaldomagalhaes.com.br\/index.php\/wp-json\/wp\/v2\/users\/1"}],"replies":[{"embeddable":true,"href":"https:\/\/blogdoedvaldomagalhaes.com.br\/index.php\/wp-json\/wp\/v2\/comments?post=3793"}],"version-history":[{"count":1,"href":"https:\/\/blogdoedvaldomagalhaes.com.br\/index.php\/wp-json\/wp\/v2\/posts\/3793\/revisions"}],"predecessor-version":[{"id":26888,"href":"https:\/\/blogdoedvaldomagalhaes.com.br\/index.php\/wp-json\/wp\/v2\/posts\/3793\/revisions\/26888"}],"wp:attachment":[{"href":"https:\/\/blogdoedvaldomagalhaes.com.br\/index.php\/wp-json\/wp\/v2\/media?parent=3793"}],"wp:term":[{"taxonomy":"category","embeddable":true,"href":"https:\/\/blogdoedvaldomagalhaes.com.br\/index.php\/wp-json\/wp\/v2\/categories?post=3793"},{"taxonomy":"post_tag","embeddable":true,"href":"https:\/\/blogdoedvaldomagalhaes.com.br\/index.php\/wp-json\/wp\/v2\/tags?post=3793"}],"curies":[{"name":"wp","href":"https:\/\/api.w.org\/{rel}","templated":true}]}}