{"id":3792,"date":"2017-12-08T01:50:00","date_gmt":"2017-12-08T03:50:00","guid":{"rendered":"http:\/\/blogdoedvaldomagalhaes.com.br\/index.php\/2017\/12\/08\/compartilhem-helena-silva-de-caruaru\/"},"modified":"2019-02-09T01:55:34","modified_gmt":"2019-02-09T03:55:34","slug":"compartilhem-helena-silva-de-caruaru","status":"publish","type":"post","link":"https:\/\/blogdoedvaldomagalhaes.com.br\/index.php\/2017\/12\/08\/compartilhem-helena-silva-de-caruaru\/","title":{"rendered":"Compartilhem: Helena Silva de Caruaru est\u00e1 desaparecida &#8211; informa\u00e7\u00f5es ligue 992278536"},"content":{"rendered":"<p><\/p>\n<div class=\"separator\" style=\"clear: both; text-align: center;\">\n<a href=\"https:\/\/1.bp.blogspot.com\/-ELAIQvkMLJ8\/WinvBtkiorI\/AAAAAAAAmXA\/dGnhxYzI82oTgutskL4gQbNtlUHCYSHpQCLcBGAs\/s1600\/00.jpg\" imageanchor=\"1\" style=\"margin-left: 1em; margin-right: 1em;\"><img loading=\"lazy\" decoding=\"async\" border=\"0\" data-original-height=\"364\" data-original-width=\"358\" height=\"400\" src=\"http:\/\/blogdoedvaldomagalhaes.com.br\/wp-content\/uploads\/2017\/12\/00.jpg\" width=\"391\" \/><\/a><\/div>\n<div style=\"text-align: justify;\">\n<\/div>\n<div style=\"text-align: justify;\">\nA senhora&nbsp;Helena Silva, saiu para trabalhar nessa quarta-feira (06), \u00e0s 11h da manh\u00e3 e ainda n\u00e3o retornou. Os familiares j\u00e1 foram na Escola Teresa Neuma, onde ela trabalha e a informa\u00e7\u00e3o que receberam foi que ela n\u00e3o apareceu no trabalho. Ela n\u00e3o levou o celular (objeto que sempre levava). J\u00e1 foi registrado um boletim de ocorr\u00eancia na delegacia e os familiares est\u00e3o aflitos, pedindo ajuda de todos para localiza-la.<\/p>\n<p><\/p>\n<div class=\"separator\" style=\"clear: both; text-align: center;\">\n<a href=\"https:\/\/3.bp.blogspot.com\/-_5U1bA_VWnM\/WinzBcH1v4I\/AAAAAAAAmXM\/-xsuP6zHnxcSObUtZO4_1gifgIRdZnSJgCLcBGAs\/s1600\/2.jpg\" imageanchor=\"1\" style=\"margin-left: 1em; margin-right: 1em;\"><img loading=\"lazy\" decoding=\"async\" border=\"0\" data-original-height=\"477\" data-original-width=\"480\" height=\"393\" src=\"http:\/\/blogdoedvaldomagalhaes.com.br\/wp-content\/uploads\/2017\/12\/2-2.jpg\" width=\"400\" \/><\/a><\/div>\n<p><\/div>\n<p><\/p>\n<div style=\"text-align: justify;\">\nQuem souber do paradeiro dela entre em contato com Josenildo pelo 81 9 92278536.&nbsp;<\/p>\n<p><\/p>\n<div class=\"separator\" style=\"clear: both; text-align: center;\">\n<a href=\"https:\/\/3.bp.blogspot.com\/-dcIxA9-vlE8\/WinzFqqvT4I\/AAAAAAAAmXQ\/amAXup_LTNAEO-fZCpDO4n7Y4z71o7RMACLcBGAs\/s1600\/3.jpg\" imageanchor=\"1\" style=\"margin-left: 1em; margin-right: 1em;\"><img loading=\"lazy\" decoding=\"async\" border=\"0\" data-original-height=\"485\" data-original-width=\"480\" height=\"400\" src=\"http:\/\/blogdoedvaldomagalhaes.com.br\/wp-content\/uploads\/2017\/12\/3-1.jpg\" width=\"393\" \/><\/a><\/div>\n<p>\nCompartilhem e pe\u00e7am para seus amigos compartilhar esta publica\u00e7\u00e3o.<\/div>\n","protected":false},"excerpt":{"rendered":"<p>A senhora&nbsp;Helena Silva, saiu para trabalhar nessa quarta-feira (06), \u00e0s 11h da manh\u00e3 e ainda n\u00e3o retornou. Os familiares j\u00e1&hellip;<\/p>\n","protected":false},"author":1,"featured_media":0,"comment_status":"open","ping_status":"open","sticky":false,"template":"","format":"standard","meta":{"footnotes":""},"categories":[1],"tags":[2,4488,6],"class_list":["post-3792","post","type-post","status-publish","format-standard","hentry","category-sem-categoria","tag-blog-do-edvaldo-magalhaes","tag-compartilhem-helena-silva-de-caruaru-esta-desaparecida-informacoes-ligue-992278536","tag-noticias"],"_links":{"self":[{"href":"https:\/\/blogdoedvaldomagalhaes.com.br\/index.php\/wp-json\/wp\/v2\/posts\/3792","targetHints":{"allow":["GET"]}}],"collection":[{"href":"https:\/\/blogdoedvaldomagalhaes.com.br\/index.php\/wp-json\/wp\/v2\/posts"}],"about":[{"href":"https:\/\/blogdoedvaldomagalhaes.com.br\/index.php\/wp-json\/wp\/v2\/types\/post"}],"author":[{"embeddable":true,"href":"https:\/\/blogdoedvaldomagalhaes.com.br\/index.php\/wp-json\/wp\/v2\/users\/1"}],"replies":[{"embeddable":true,"href":"https:\/\/blogdoedvaldomagalhaes.com.br\/index.php\/wp-json\/wp\/v2\/comments?post=3792"}],"version-history":[{"count":1,"href":"https:\/\/blogdoedvaldomagalhaes.com.br\/index.php\/wp-json\/wp\/v2\/posts\/3792\/revisions"}],"predecessor-version":[{"id":26892,"href":"https:\/\/blogdoedvaldomagalhaes.com.br\/index.php\/wp-json\/wp\/v2\/posts\/3792\/revisions\/26892"}],"wp:attachment":[{"href":"https:\/\/blogdoedvaldomagalhaes.com.br\/index.php\/wp-json\/wp\/v2\/media?parent=3792"}],"wp:term":[{"taxonomy":"category","embeddable":true,"href":"https:\/\/blogdoedvaldomagalhaes.com.br\/index.php\/wp-json\/wp\/v2\/categories?post=3792"},{"taxonomy":"post_tag","embeddable":true,"href":"https:\/\/blogdoedvaldomagalhaes.com.br\/index.php\/wp-json\/wp\/v2\/tags?post=3792"}],"curies":[{"name":"wp","href":"https:\/\/api.w.org\/{rel}","templated":true}]}}