{"id":3791,"date":"2017-12-08T11:06:00","date_gmt":"2017-12-08T13:06:00","guid":{"rendered":"http:\/\/blogdoedvaldomagalhaes.com.br\/index.php\/2017\/12\/08\/homem-morre-e-mulher-fica-ferida-e\/"},"modified":"2019-02-09T01:55:34","modified_gmt":"2019-02-09T03:55:34","slug":"homem-morre-e-mulher-fica-ferida-e","status":"publish","type":"post","link":"https:\/\/blogdoedvaldomagalhaes.com.br\/index.php\/2017\/12\/08\/homem-morre-e-mulher-fica-ferida-e\/","title":{"rendered":"Homem morre e mulher fica ferida em acidente de moto em Caruaru"},"content":{"rendered":"<div class=\"separator\" style=\"clear: both; text-align: center;\">\n<a href=\"https:\/\/2.bp.blogspot.com\/-kTqeWnMb3zc\/WipyHXuK1sI\/AAAAAAAAmXg\/xSUy5J7096IAgV6Q3bsIRvnvstV_AS3ogCLcBGAs\/s1600\/acidente.jpg\" imageanchor=\"1\" style=\"margin-left: 1em; margin-right: 1em;\"><img loading=\"lazy\" decoding=\"async\" border=\"0\" data-original-height=\"225\" data-original-width=\"300\" height=\"300\" src=\"http:\/\/blogdoedvaldomagalhaes.com.br\/wp-content\/uploads\/2017\/12\/acidente.jpg\" width=\"400\" \/><\/a><\/div>\n<div class=\"separator\" style=\"clear: both; text-align: center;\">\n<\/div>\n<div class=\"separator\" style=\"clear: both; text-align: center;\">\n<a href=\"https:\/\/3.bp.blogspot.com\/-O50UNQzAWbk\/Wip8hMmnqhI\/AAAAAAAAmYE\/8XMi_PuRYREpKyrDT7VcRAv-7k38UzrwQCLcBGAs\/s1600\/IMG-20171208-WA0021.jpg\" imageanchor=\"1\" style=\"margin-left: 1em; margin-right: 1em;\"><img loading=\"lazy\" decoding=\"async\" border=\"0\" data-original-height=\"1280\" data-original-width=\"720\" height=\"400\" src=\"http:\/\/blogdoedvaldomagalhaes.com.br\/wp-content\/uploads\/2017\/12\/IMG-20171208-WA0021.jpg\" width=\"225\" \/><\/a><\/div>\n<p><\/p>\n<div class=\"separator\" style=\"clear: both; text-align: center;\">\n<a href=\"https:\/\/4.bp.blogspot.com\/-6LfCy6OyEYc\/Wip8kZtvVlI\/AAAAAAAAmYI\/PY2UY9Ov_ewvn4CyfUyhIU8DmYOzG9xzACLcBGAs\/s1600\/IMG-20171208-WA0017.jpg\" imageanchor=\"1\" style=\"margin-left: 1em; margin-right: 1em;\"><img loading=\"lazy\" decoding=\"async\" border=\"0\" data-original-height=\"1280\" data-original-width=\"720\" height=\"400\" src=\"http:\/\/blogdoedvaldomagalhaes.com.br\/wp-content\/uploads\/2017\/12\/IMG-20171208-WA0017.jpg\" width=\"225\" \/><\/a><\/div>\n<div class=\"separator\" style=\"clear: both; text-align: center;\">\n<\/div>\n<div style=\"background-color: white; box-sizing: border-box; line-height: 24px; margin-bottom: 10px; text-align: justify;\">\n<\/div>\n<div style=\"background-color: white; box-sizing: border-box; line-height: 24px; margin-bottom: 10px; text-align: justify;\">\nUm casal de jovens sofreu um grave acidente com moto no in\u00edcio da madrugada desta sexta-feira (08), na Avenida Adjar da Silva Cas\u00e9, em Caruaru. O rapaz identificado por Jos\u00e9 Artur da Silva Oliveira, 25 anos, morreu no local e a mulher foi socorrida em estado grave para o Hospital Regional do Agreste (HRA).<\/p>\n<p><\/p>\n<div class=\"separator\" style=\"clear: both; text-align: center;\">\n<a href=\"https:\/\/3.bp.blogspot.com\/-tiG1ae9QwE0\/Wip0NAwxXFI\/AAAAAAAAmXw\/JEg2j5pwZuUotv4hYseUuE2XV2C2XwibACLcBGAs\/s1600\/vitima.jpg\" imageanchor=\"1\" style=\"margin-left: 1em; margin-right: 1em;\"><img loading=\"lazy\" decoding=\"async\" border=\"0\" data-original-height=\"741\" data-original-width=\"225\" height=\"400\" src=\"http:\/\/blogdoedvaldomagalhaes.com.br\/wp-content\/uploads\/2017\/12\/vitima-1.jpg\" width=\"118\" \/><\/a><\/div>\n<p><\/div>\n<div style=\"background-color: white; box-sizing: border-box; line-height: 24px; margin-bottom: 10px; text-align: justify;\">\nInforma\u00e7\u00e3o foi passada \u00e0 pol\u00edcia que eles estavam em um bar, houve um desentendimento, e sa\u00edram com certa velocidade, caindo da motocicleta em uma curva. Jos\u00e9 Artur residia em S\u00e3o Caetano. O corpo foi encaminhado para o Instituto de Medicina Legal (IML).<\/div>\n","protected":false},"excerpt":{"rendered":"<p>Um casal de jovens sofreu um grave acidente com moto no in\u00edcio da madrugada desta sexta-feira (08), na Avenida Adjar&hellip;<\/p>\n","protected":false},"author":1,"featured_media":0,"comment_status":"open","ping_status":"open","sticky":false,"template":"","format":"standard","meta":{"footnotes":""},"categories":[1],"tags":[4486,2,4487,312,3149,6],"class_list":["post-3791","post","type-post","status-publish","format-standard","hentry","category-sem-categoria","tag-avenida-adjar-da-silva-case","tag-blog-do-edvaldo-magalhaes","tag-homem-morre-e-mulher-fica-ferida-em-acidente-de-moto-em-caruaru","tag-hospital-regional-do-agreste","tag-iml","tag-noticias"],"_links":{"self":[{"href":"https:\/\/blogdoedvaldomagalhaes.com.br\/index.php\/wp-json\/wp\/v2\/posts\/3791","targetHints":{"allow":["GET"]}}],"collection":[{"href":"https:\/\/blogdoedvaldomagalhaes.com.br\/index.php\/wp-json\/wp\/v2\/posts"}],"about":[{"href":"https:\/\/blogdoedvaldomagalhaes.com.br\/index.php\/wp-json\/wp\/v2\/types\/post"}],"author":[{"embeddable":true,"href":"https:\/\/blogdoedvaldomagalhaes.com.br\/index.php\/wp-json\/wp\/v2\/users\/1"}],"replies":[{"embeddable":true,"href":"https:\/\/blogdoedvaldomagalhaes.com.br\/index.php\/wp-json\/wp\/v2\/comments?post=3791"}],"version-history":[{"count":1,"href":"https:\/\/blogdoedvaldomagalhaes.com.br\/index.php\/wp-json\/wp\/v2\/posts\/3791\/revisions"}],"predecessor-version":[{"id":26897,"href":"https:\/\/blogdoedvaldomagalhaes.com.br\/index.php\/wp-json\/wp\/v2\/posts\/3791\/revisions\/26897"}],"wp:attachment":[{"href":"https:\/\/blogdoedvaldomagalhaes.com.br\/index.php\/wp-json\/wp\/v2\/media?parent=3791"}],"wp:term":[{"taxonomy":"category","embeddable":true,"href":"https:\/\/blogdoedvaldomagalhaes.com.br\/index.php\/wp-json\/wp\/v2\/categories?post=3791"},{"taxonomy":"post_tag","embeddable":true,"href":"https:\/\/blogdoedvaldomagalhaes.com.br\/index.php\/wp-json\/wp\/v2\/tags?post=3791"}],"curies":[{"name":"wp","href":"https:\/\/api.w.org\/{rel}","templated":true}]}}