{"id":3785,"date":"2017-12-09T00:02:00","date_gmt":"2017-12-09T02:02:00","guid":{"rendered":"http:\/\/blogdoedvaldomagalhaes.com.br\/index.php\/2017\/12\/09\/adolescente-ex-interno-da-funase\/"},"modified":"2019-02-09T01:55:38","modified_gmt":"2019-02-09T03:55:38","slug":"adolescente-ex-interno-da-funase","status":"publish","type":"post","link":"https:\/\/blogdoedvaldomagalhaes.com.br\/index.php\/2017\/12\/09\/adolescente-ex-interno-da-funase\/","title":{"rendered":"Adolescente ex-interno da Funase assassinado a tiros em Caruaru"},"content":{"rendered":"<div class=\"separator\" style=\"clear: both; text-align: center;\">\n<a href=\"https:\/\/1.bp.blogspot.com\/-po6RBMyOZjs\/Wisn8QkvGOI\/AAAAAAAAma4\/Ug_tV2brv4oPIdrK48nTD5IPtLR2WLzDQCLcBGAs\/s1600\/IMG-20171208-WA0181.jpg\" imageanchor=\"1\" style=\"margin-left: 1em; margin-right: 1em;\"><img loading=\"lazy\" decoding=\"async\" border=\"0\" data-original-height=\"1040\" data-original-width=\"780\" height=\"320\" src=\"http:\/\/blogdoedvaldomagalhaes.com.br\/wp-content\/uploads\/2017\/12\/IMG-20171208-WA0181.jpg\" width=\"240\" \/><\/a><\/div>\n<p><\/p>\n<div style=\"text-align: justify;\">\nO adolescente Matias de Lima Ara\u00fajo, conhecido por Catota, de 17 anos, foi morto a tiros na rua Mil\u00e3o, no bairro S\u00e3o Jo\u00e3o da Esc\u00f3cia, em Caruaru, na noite desta sexta-feira (08).<\/p>\n<p>Este foi o 6\u00b0 homic\u00eddio no m\u00eas de dezembro e o 257\u00b0 no ano em Caruaru.&nbsp;<\/p><\/div>\n","protected":false},"excerpt":{"rendered":"<p>O adolescente Matias de Lima Ara\u00fajo, conhecido por Catota, de 17 anos, foi morto a tiros na rua Mil\u00e3o, no&hellip;<\/p>\n","protected":false},"author":1,"featured_media":0,"comment_status":"open","ping_status":"open","sticky":false,"template":"","format":"standard","meta":{"footnotes":""},"categories":[1],"tags":[4478,2126,2,4479,4480,13],"class_list":["post-3785","post","type-post","status-publish","format-standard","hentry","category-sem-categoria","tag-adolescente-ex-interno-da-funase-assassinado-a-tiros-em-caruaru","tag-bairro-sao-joao-da-escocia","tag-blog-do-edvaldo-magalhaes","tag-catota","tag-matias-de-lima-araujo","tag-policial"],"_links":{"self":[{"href":"https:\/\/blogdoedvaldomagalhaes.com.br\/index.php\/wp-json\/wp\/v2\/posts\/3785","targetHints":{"allow":["GET"]}}],"collection":[{"href":"https:\/\/blogdoedvaldomagalhaes.com.br\/index.php\/wp-json\/wp\/v2\/posts"}],"about":[{"href":"https:\/\/blogdoedvaldomagalhaes.com.br\/index.php\/wp-json\/wp\/v2\/types\/post"}],"author":[{"embeddable":true,"href":"https:\/\/blogdoedvaldomagalhaes.com.br\/index.php\/wp-json\/wp\/v2\/users\/1"}],"replies":[{"embeddable":true,"href":"https:\/\/blogdoedvaldomagalhaes.com.br\/index.php\/wp-json\/wp\/v2\/comments?post=3785"}],"version-history":[{"count":1,"href":"https:\/\/blogdoedvaldomagalhaes.com.br\/index.php\/wp-json\/wp\/v2\/posts\/3785\/revisions"}],"predecessor-version":[{"id":26910,"href":"https:\/\/blogdoedvaldomagalhaes.com.br\/index.php\/wp-json\/wp\/v2\/posts\/3785\/revisions\/26910"}],"wp:attachment":[{"href":"https:\/\/blogdoedvaldomagalhaes.com.br\/index.php\/wp-json\/wp\/v2\/media?parent=3785"}],"wp:term":[{"taxonomy":"category","embeddable":true,"href":"https:\/\/blogdoedvaldomagalhaes.com.br\/index.php\/wp-json\/wp\/v2\/categories?post=3785"},{"taxonomy":"post_tag","embeddable":true,"href":"https:\/\/blogdoedvaldomagalhaes.com.br\/index.php\/wp-json\/wp\/v2\/tags?post=3785"}],"curies":[{"name":"wp","href":"https:\/\/api.w.org\/{rel}","templated":true}]}}