{"id":3784,"date":"2017-12-09T00:47:00","date_gmt":"2017-12-09T02:47:00","guid":{"rendered":"http:\/\/blogdoedvaldomagalhaes.com.br\/index.php\/2017\/12\/09\/camara-de-caruaru-e-5-mais-transparente\/"},"modified":"2019-02-09T01:55:38","modified_gmt":"2019-02-09T03:55:38","slug":"camara-de-caruaru-e-5-mais-transparente","status":"publish","type":"post","link":"https:\/\/blogdoedvaldomagalhaes.com.br\/index.php\/2017\/12\/09\/camara-de-caruaru-e-5-mais-transparente\/","title":{"rendered":"C\u00e2mara de Caruaru \u00e9 a 5\u00ba mais transparente de Pernambuco"},"content":{"rendered":"<h1 class=\"entry-title\" style=\"text-align: center;\">\n<img loading=\"lazy\" decoding=\"async\" alt=\"camara\" height=\"225\" src=\"http:\/\/blogdoedvaldomagalhaes.com.br\/wp-content\/uploads\/2017\/12\/camara-2.jpg\" width=\"400\" \/><\/h1>\n<div style=\"text-align: justify;\">\nO Tribunal de Contas do Estado (TCE-PE) avaliou o n\u00edvel de transpar\u00eancia&nbsp;do poder&nbsp;Poder Legislativo Municipal em Pernambuco, e a&nbsp;C\u00e2mara de Vereadores de Caruaru ficou em quinto lugar, atr\u00e1s de&nbsp; Palmeirina, Lagoa do Ouro, Tabira e Vit\u00f3ria de Santo Ant\u00e3o.<\/div>\n","protected":false},"excerpt":{"rendered":"<p>O Tribunal de Contas do Estado (TCE-PE) avaliou o n\u00edvel de transpar\u00eancia&nbsp;do poder&nbsp;Poder Legislativo Municipal em Pernambuco, e a&nbsp;C\u00e2mara de&hellip;<\/p>\n","protected":false},"author":1,"featured_media":0,"comment_status":"open","ping_status":"open","sticky":false,"template":"","format":"standard","meta":{"footnotes":""},"categories":[1],"tags":[2,4475,4476,20,4477],"class_list":["post-3784","post","type-post","status-publish","format-standard","hentry","category-sem-categoria","tag-blog-do-edvaldo-magalhaes","tag-camara-de-caruaru-e-a-5o-mais-transparente-de-pernambuco","tag-camara-de-vereadores-de-caruaru","tag-politica","tag-tribunal-de-contas-do-estado-tce-pe"],"_links":{"self":[{"href":"https:\/\/blogdoedvaldomagalhaes.com.br\/index.php\/wp-json\/wp\/v2\/posts\/3784","targetHints":{"allow":["GET"]}}],"collection":[{"href":"https:\/\/blogdoedvaldomagalhaes.com.br\/index.php\/wp-json\/wp\/v2\/posts"}],"about":[{"href":"https:\/\/blogdoedvaldomagalhaes.com.br\/index.php\/wp-json\/wp\/v2\/types\/post"}],"author":[{"embeddable":true,"href":"https:\/\/blogdoedvaldomagalhaes.com.br\/index.php\/wp-json\/wp\/v2\/users\/1"}],"replies":[{"embeddable":true,"href":"https:\/\/blogdoedvaldomagalhaes.com.br\/index.php\/wp-json\/wp\/v2\/comments?post=3784"}],"version-history":[{"count":1,"href":"https:\/\/blogdoedvaldomagalhaes.com.br\/index.php\/wp-json\/wp\/v2\/posts\/3784\/revisions"}],"predecessor-version":[{"id":26912,"href":"https:\/\/blogdoedvaldomagalhaes.com.br\/index.php\/wp-json\/wp\/v2\/posts\/3784\/revisions\/26912"}],"wp:attachment":[{"href":"https:\/\/blogdoedvaldomagalhaes.com.br\/index.php\/wp-json\/wp\/v2\/media?parent=3784"}],"wp:term":[{"taxonomy":"category","embeddable":true,"href":"https:\/\/blogdoedvaldomagalhaes.com.br\/index.php\/wp-json\/wp\/v2\/categories?post=3784"},{"taxonomy":"post_tag","embeddable":true,"href":"https:\/\/blogdoedvaldomagalhaes.com.br\/index.php\/wp-json\/wp\/v2\/tags?post=3784"}],"curies":[{"name":"wp","href":"https:\/\/api.w.org\/{rel}","templated":true}]}}