{"id":3778,"date":"2017-12-09T18:12:00","date_gmt":"2017-12-09T20:12:00","guid":{"rendered":"http:\/\/blogdoedvaldomagalhaes.com.br\/index.php\/2017\/12\/09\/milhares-de-pessoas-sao-beneficiadas\/"},"modified":"2019-02-09T01:55:40","modified_gmt":"2019-02-09T03:55:40","slug":"milhares-de-pessoas-sao-beneficiadas","status":"publish","type":"post","link":"https:\/\/blogdoedvaldomagalhaes.com.br\/index.php\/2017\/12\/09\/milhares-de-pessoas-sao-beneficiadas\/","title":{"rendered":"Milhares de pessoas s\u00e3o beneficiadas com o trabalho da Acic"},"content":{"rendered":"<div class=\"separator\" style=\"clear: both; text-align: center;\">\n<a href=\"https:\/\/2.bp.blogspot.com\/-uAjE9Ug3CpY\/Wiwm2u4BgGI\/AAAAAAAAmcs\/p3Ek2L8QD_cm_SXsjWKzbuLkwNac59RDQCLcBGAs\/s1600\/logo_acic.png\" imageanchor=\"1\" style=\"margin-left: 1em; margin-right: 1em;\"><img loading=\"lazy\" decoding=\"async\" border=\"0\" data-original-height=\"90\" data-original-width=\"317\" height=\"113\" src=\"http:\/\/blogdoedvaldomagalhaes.com.br\/wp-content\/uploads\/2017\/12\/logo_acic.png\" width=\"400\" \/><\/a><\/div>\n<div class=\"separator\" style=\"clear: both; text-align: center;\">\n<\/div>\n<div style=\"text-align: justify;\">\nReconhecida como a maior associa\u00e7\u00e3o do Norte\/Nordeste do Brasil, em 2017, a Acic deu in\u00edcio aos trabalhos de mais um bi\u00eanio de atua\u00e7\u00e3o. Para alcan\u00e7ar o seu objetivo de ser uma associa\u00e7\u00e3o cada vez mais din\u00e2mica, a Acic promoveu eventos, cursos, palestras, oficinas e a\u00e7\u00f5es de fortalecimento empresarial.<\/div>\n<div style=\"text-align: justify;\">\n<\/div>\n<div style=\"text-align: justify;\">\nAo todo, em 2017,&nbsp; 1.630 pessoas participaram dos cursos promovidos pela Acic, 6.596 prestigiaram as palestras oferecidas, 533 foram capacitadas atrav\u00e9s de workshops e 1.843 compareceram aos semin\u00e1rios que fizeram parte da programa\u00e7\u00e3o anual da associa\u00e7\u00e3o. Destaque para o 3\u00ba Encontro da Beleza do Agreste de Pernambuco desenvolvido pela C\u00e2mara Setorial da Beleza e o Sebrae que teve 717 profissionais inscritos; \u201cNeurovendas \u2013 Conhecendo a Cabe\u00e7a do Consumidor\u201d, com Fernando Kimura e \u201cCriatividade para Solu\u00e7\u00e3o de Problemas\u201d, com Murilo Gun. Entre os workshops, o \u201cMapa Gerencial\u201d com Almeris Armiliato e \u201cO Marketing do Amanh\u00e3 e a Evolu\u00e7\u00e3o das Pr\u00e1ticas de Gest\u00e3o\u201d com Filipe Gaud\u00eancio foram os mais concorridos.<\/div>\n<div style=\"text-align: justify;\">\n<\/div>\n<div style=\"text-align: justify;\">\nA Acic realizou mais duas edi\u00e7\u00f5es da Rodada de Neg\u00f3cios da Moda Pernambucana, maior evento do segmento no Norte e Nordeste. Os n\u00fameros mais expressivos das duas edi\u00e7\u00f5es de 2017 contabilizaram R$ 37,5 milh\u00f5es em vendas; mais de dois milh\u00f5es de pe\u00e7as de roupas, cal\u00e7ados e acess\u00f3rios comercializados e 800 compradores de 22 estados brasileiros.<\/div>\n<div style=\"text-align: justify;\">\n<\/div>\n<div style=\"text-align: justify;\">\nA Associa\u00e7\u00e3o tamb\u00e9m atuou inserindo profissionais e estudantes no mercado de trabalho. O Empregacic realizou 23 sele\u00e7\u00f5es, sendo que 13 j\u00e1 foram conclu\u00eddas. No total, 400 pessoas foram recrutadas pelo departamento de RH da Acic. O QualificaBrasil conseguiu 267 vagas, convocou 475 estudantes e realizou 239 novos contratos de est\u00e1gios.<\/div>\n<div style=\"text-align: justify;\">\n<\/div>\n<div style=\"text-align: justify;\">\nEste ano, tamb\u00e9m foi realizada a 3\u00aa edi\u00e7\u00e3o do Marchador Imperial, que tem o objetivo de fortalecer o mercado de cavalos Mangalarga Marchador na regi\u00e3o, desenvolvendo tamb\u00e9m o agroneg\u00f3cio. Na Gastronomia, a Associa\u00e7\u00e3o e o Sebrae promoveram o 6\u00ba Circuito do Caf\u00e9 de Pernambuco, em setembro, que contou com a participa\u00e7\u00e3o de nove cafeterias e oito mil pessoas iniciaram a rota de degusta\u00e7\u00e3o dos caf\u00e9s Astros.<\/div>\n<div style=\"text-align: justify;\">\n<\/div>\n<div style=\"text-align: justify;\">\nEm 2017, a C\u00e2mara Setorial da Sa\u00fade promoveu, juntamente com a Cl\u00ednica Manoel Flor\u00eancio Diagn\u00f3sticos, a 9\u00aa Campanha de Preven\u00e7\u00e3o das Doen\u00e7as da Mama. A edi\u00e7\u00e3o deste ano contabilizou 10 mil atendimentos e o maior n\u00famero de casos descobertos na hist\u00f3ria da campanha, que teve in\u00edcio em 2008, com 15 casos avan\u00e7ados, sendo seis deles confirmados por mamografia. Teve ainda a 3\u00aa edi\u00e7\u00e3o da AgresteMed, com 31 confer\u00eancias, f\u00f3rum, exposi\u00e7\u00e3o de produtos, servi\u00e7os m\u00e9dicos e odontol\u00f3gicos. Cerca de tr\u00eas mil pessoas prestigiaram a iniciativa. J\u00e1, a Semana de Sa\u00fade Bucal, em parceria com o Centro Universit\u00e1rio Asces\/Unita, atendeu 478 pessoas.<\/div>\n<div style=\"text-align: justify;\">\n<\/div>\n<div style=\"text-align: justify;\">\nEncerrando o ano, atrav\u00e9s das C\u00e2maras Setoriais da Constru\u00e7\u00e3o Civil e dos Corretores de Im\u00f3veis, a Acic injetou \u00e2nimo no mercado com a realiza\u00e7\u00e3o da Semana Imobili\u00e1ria de Caruaru, no Shopping Difusora. Na ocasi\u00e3o, o p\u00fablico p\u00f4de encontrar as melhores op\u00e7\u00f5es e adquirir um im\u00f3vel com seguran\u00e7a e garantia de satisfa\u00e7\u00e3o.<\/div>\n","protected":false},"excerpt":{"rendered":"<p>Reconhecida como a maior associa\u00e7\u00e3o do Norte\/Nordeste do Brasil, em 2017, a Acic deu in\u00edcio aos trabalhos de mais um&hellip;<\/p>\n","protected":false},"author":1,"featured_media":0,"comment_status":"open","ping_status":"open","sticky":false,"template":"","format":"standard","meta":{"footnotes":""},"categories":[1],"tags":[4461,4462,2,4463,4464,6,4465],"class_list":["post-3778","post","type-post","status-publish","format-standard","hentry","category-sem-categoria","tag-agrestemed","tag-associacao-comercial-e-empresarial-de-caruaru","tag-blog-do-edvaldo-magalhaes","tag-empregacic","tag-milhares-de-pessoas-sao-beneficiadas-com-o-trabalho-da-acic","tag-noticias","tag-qualificabrasil"],"_links":{"self":[{"href":"https:\/\/blogdoedvaldomagalhaes.com.br\/index.php\/wp-json\/wp\/v2\/posts\/3778","targetHints":{"allow":["GET"]}}],"collection":[{"href":"https:\/\/blogdoedvaldomagalhaes.com.br\/index.php\/wp-json\/wp\/v2\/posts"}],"about":[{"href":"https:\/\/blogdoedvaldomagalhaes.com.br\/index.php\/wp-json\/wp\/v2\/types\/post"}],"author":[{"embeddable":true,"href":"https:\/\/blogdoedvaldomagalhaes.com.br\/index.php\/wp-json\/wp\/v2\/users\/1"}],"replies":[{"embeddable":true,"href":"https:\/\/blogdoedvaldomagalhaes.com.br\/index.php\/wp-json\/wp\/v2\/comments?post=3778"}],"version-history":[{"count":1,"href":"https:\/\/blogdoedvaldomagalhaes.com.br\/index.php\/wp-json\/wp\/v2\/posts\/3778\/revisions"}],"predecessor-version":[{"id":26928,"href":"https:\/\/blogdoedvaldomagalhaes.com.br\/index.php\/wp-json\/wp\/v2\/posts\/3778\/revisions\/26928"}],"wp:attachment":[{"href":"https:\/\/blogdoedvaldomagalhaes.com.br\/index.php\/wp-json\/wp\/v2\/media?parent=3778"}],"wp:term":[{"taxonomy":"category","embeddable":true,"href":"https:\/\/blogdoedvaldomagalhaes.com.br\/index.php\/wp-json\/wp\/v2\/categories?post=3778"},{"taxonomy":"post_tag","embeddable":true,"href":"https:\/\/blogdoedvaldomagalhaes.com.br\/index.php\/wp-json\/wp\/v2\/tags?post=3778"}],"curies":[{"name":"wp","href":"https:\/\/api.w.org\/{rel}","templated":true}]}}