{"id":3771,"date":"2017-12-10T15:53:00","date_gmt":"2017-12-10T17:53:00","guid":{"rendered":"http:\/\/blogdoedvaldomagalhaes.com.br\/index.php\/2017\/12\/10\/confusao-na-decisao-de-futsal-entre\/"},"modified":"2019-02-09T01:55:47","modified_gmt":"2019-02-09T03:55:47","slug":"confusao-na-decisao-de-futsal-entre","status":"publish","type":"post","link":"https:\/\/blogdoedvaldomagalhaes.com.br\/index.php\/2017\/12\/10\/confusao-na-decisao-de-futsal-entre\/","title":{"rendered":"Confus\u00e3o na decis\u00e3o de futsal entre Tamandar\u00e9 x Caruaru jogo s\u00f3 teve 1\u00b0 tempo"},"content":{"rendered":"<div class=\"separator\" style=\"clear: both; text-align: center;\">\n<a href=\"https:\/\/1.bp.blogspot.com\/-TRCPG1rSR18\/Wi1XFXcifeI\/AAAAAAAAmgM\/IzGCGlwjvHYc8w-mHfz-mcmGRS5B_1NDwCLcBGAs\/s1600\/IMG-20171210-WA0135.jpg\" imageanchor=\"1\" style=\"margin-left: 1em; margin-right: 1em;\"><img loading=\"lazy\" decoding=\"async\" border=\"0\" data-original-height=\"848\" data-original-width=\"848\" height=\"640\" src=\"http:\/\/blogdoedvaldomagalhaes.com.br\/wp-content\/uploads\/2017\/12\/IMG-20171210-WA0135.jpg\" width=\"640\" \/><\/a><\/div>\n<p><\/p>\n<div style=\"text-align: justify;\">\nA final do Campeonato Pernambucano de Futsal entre ASEC e TAMANDAR\u00c9, na cidade de Barreiros no litoral sul, &nbsp;foi paralisada no 1\u00b0 tempo, haja vista que a pol\u00edcia n\u00e3o conseguiu conter os \u00e2nimos da torcida da casa, que ao final do primeiro tempo invadiu a quadra e causou um grande tumulto. Ap\u00f3s a pol\u00edcia conter os torcedores usando at\u00e9 mesmo g\u00e1s de pimenta, a equipe da ASEC preferiu n\u00e3o voltar para o segundo tempo, &nbsp;alegando que quadra n\u00e3o mostrava condi\u00e7\u00f5es de seguran\u00e7a para o time e at\u00e9 mesmo para os pr\u00f3prios torcedores.<\/div>\n<div style=\"text-align: justify;\">\n<\/div>\n<div style=\"text-align: justify;\">\nA decis\u00e3o agora vai para a justi\u00e7a, os \u00e1rbitros relataram tudo em s\u00famula e tudo ser\u00e1 analisado para que seja conhecido o campe\u00e3o de 2017. O placar do jogo at\u00e9 o momento da paralisa\u00e7\u00e3o estava 0x0. Na primeira partida, em Caruaru, &nbsp;a ASEC venceu por 4 tentos a 1 e jogava pelo empate nesse s\u00e1bado (09) para sagra-se campe\u00e3 estadual.<\/div>\n","protected":false},"excerpt":{"rendered":"<p>A final do Campeonato Pernambucano de Futsal entre ASEC e TAMANDAR\u00c9, na cidade de Barreiros no litoral sul, &nbsp;foi paralisada&hellip;<\/p>\n","protected":false},"author":1,"featured_media":0,"comment_status":"open","ping_status":"open","sticky":false,"template":"","format":"standard","meta":{"footnotes":""},"categories":[1],"tags":[4438,4439,2,4440,3],"class_list":["post-3771","post","type-post","status-publish","format-standard","hentry","category-sem-categoria","tag-asec","tag-barreiros","tag-blog-do-edvaldo-magalhaes","tag-confusao-na-decisao-de-futsal-entre-tamandare-x-caruaru-jogo-so-teve-1-tempo","tag-futebol"],"_links":{"self":[{"href":"https:\/\/blogdoedvaldomagalhaes.com.br\/index.php\/wp-json\/wp\/v2\/posts\/3771","targetHints":{"allow":["GET"]}}],"collection":[{"href":"https:\/\/blogdoedvaldomagalhaes.com.br\/index.php\/wp-json\/wp\/v2\/posts"}],"about":[{"href":"https:\/\/blogdoedvaldomagalhaes.com.br\/index.php\/wp-json\/wp\/v2\/types\/post"}],"author":[{"embeddable":true,"href":"https:\/\/blogdoedvaldomagalhaes.com.br\/index.php\/wp-json\/wp\/v2\/users\/1"}],"replies":[{"embeddable":true,"href":"https:\/\/blogdoedvaldomagalhaes.com.br\/index.php\/wp-json\/wp\/v2\/comments?post=3771"}],"version-history":[{"count":1,"href":"https:\/\/blogdoedvaldomagalhaes.com.br\/index.php\/wp-json\/wp\/v2\/posts\/3771\/revisions"}],"predecessor-version":[{"id":26958,"href":"https:\/\/blogdoedvaldomagalhaes.com.br\/index.php\/wp-json\/wp\/v2\/posts\/3771\/revisions\/26958"}],"wp:attachment":[{"href":"https:\/\/blogdoedvaldomagalhaes.com.br\/index.php\/wp-json\/wp\/v2\/media?parent=3771"}],"wp:term":[{"taxonomy":"category","embeddable":true,"href":"https:\/\/blogdoedvaldomagalhaes.com.br\/index.php\/wp-json\/wp\/v2\/categories?post=3771"},{"taxonomy":"post_tag","embeddable":true,"href":"https:\/\/blogdoedvaldomagalhaes.com.br\/index.php\/wp-json\/wp\/v2\/tags?post=3771"}],"curies":[{"name":"wp","href":"https:\/\/api.w.org\/{rel}","templated":true}]}}