{"id":3770,"date":"2017-12-10T16:24:00","date_gmt":"2017-12-10T18:24:00","guid":{"rendered":"http:\/\/blogdoedvaldomagalhaes.com.br\/index.php\/2017\/12\/10\/morre-atriz-eva-todor-aos-98-anos\/"},"modified":"2019-02-09T01:55:47","modified_gmt":"2019-02-09T03:55:47","slug":"morre-atriz-eva-todor-aos-98-anos","status":"publish","type":"post","link":"https:\/\/blogdoedvaldomagalhaes.com.br\/index.php\/2017\/12\/10\/morre-atriz-eva-todor-aos-98-anos\/","title":{"rendered":"Morre atriz Eva Todor aos 98 anos"},"content":{"rendered":"<div class=\"separator\" style=\"clear: both; text-align: center;\">\n<a href=\"https:\/\/4.bp.blogspot.com\/-_jrIF6XMxd0\/Wi2VvSh3p2I\/AAAAAAAAmg4\/wuZlkRDFzGEDqjK-QlpmTOYacwuqtJFiwCLcBGAs\/s1600\/download.jpeg\" imageanchor=\"1\" style=\"margin-left: 1em; margin-right: 1em;\"><img loading=\"lazy\" decoding=\"async\" border=\"0\" data-original-height=\"130\" data-original-width=\"232\" height=\"358\" src=\"http:\/\/blogdoedvaldomagalhaes.com.br\/wp-content\/uploads\/2017\/12\/download.jpeg\" width=\"640\" \/><\/a><\/div>\n<div style=\"text-align: justify;\">\n<\/div>\n<div style=\"text-align: justify;\">\nMorreu em casa \u00e0s 8h50 deste domingo (10) a atriz Eva Todor, aos 98 anos. A causa da morte foi pneumonia. A atriz ser\u00e1 cremada, e o vel\u00f3rio ser\u00e1 realizado na segunda-feira (11), das 9h \u00e0s 11h, no Theatro Municipal do Rio de Janeiro.<\/div>\n<div style=\"text-align: justify;\">\n<\/div>\n<div style=\"text-align: justify;\">\nCom mais de 80 anos de carreira no teatro e na TV, Eva sofria de Mal de Parkinson e Alzheimer, al\u00e9m de problemas card\u00edacos, e vivia reclusa em sua casa, na Zona Sul do Rio. Seu \u00faltimo trabalho na TV foi na novela &#8220;Salve Jorge&#8221;, de 2012.<\/div>\n<div style=\"text-align: justify;\">\n<\/div>\n<div style=\"text-align: justify;\">\nEva estava em interna\u00e7\u00e3o domiciliar (home care) desde o dia 9 de setembro deste ano. Antes, a atriz havia sido internada na Casa de Sa\u00fade S\u00e3o Jos\u00e9, na Zona Sul do Rio. Ela era vi\u00fava e n\u00e3o tinha filhos.<\/div>\n<div style=\"text-align: justify;\">\n<\/div>\n<div style=\"text-align: justify;\">\nDo G1<\/div>\n","protected":false},"excerpt":{"rendered":"<p>Morreu em casa \u00e0s 8h50 deste domingo (10) a atriz Eva Todor, aos 98 anos. A causa da morte foi&hellip;<\/p>\n","protected":false},"author":1,"featured_media":0,"comment_status":"open","ping_status":"open","sticky":false,"template":"","format":"standard","meta":{"footnotes":""},"categories":[1],"tags":[2,4437,6],"class_list":["post-3770","post","type-post","status-publish","format-standard","hentry","category-sem-categoria","tag-blog-do-edvaldo-magalhaes","tag-morre-atriz-eva-todor-aos-98-anos","tag-noticias"],"_links":{"self":[{"href":"https:\/\/blogdoedvaldomagalhaes.com.br\/index.php\/wp-json\/wp\/v2\/posts\/3770","targetHints":{"allow":["GET"]}}],"collection":[{"href":"https:\/\/blogdoedvaldomagalhaes.com.br\/index.php\/wp-json\/wp\/v2\/posts"}],"about":[{"href":"https:\/\/blogdoedvaldomagalhaes.com.br\/index.php\/wp-json\/wp\/v2\/types\/post"}],"author":[{"embeddable":true,"href":"https:\/\/blogdoedvaldomagalhaes.com.br\/index.php\/wp-json\/wp\/v2\/users\/1"}],"replies":[{"embeddable":true,"href":"https:\/\/blogdoedvaldomagalhaes.com.br\/index.php\/wp-json\/wp\/v2\/comments?post=3770"}],"version-history":[{"count":1,"href":"https:\/\/blogdoedvaldomagalhaes.com.br\/index.php\/wp-json\/wp\/v2\/posts\/3770\/revisions"}],"predecessor-version":[{"id":26960,"href":"https:\/\/blogdoedvaldomagalhaes.com.br\/index.php\/wp-json\/wp\/v2\/posts\/3770\/revisions\/26960"}],"wp:attachment":[{"href":"https:\/\/blogdoedvaldomagalhaes.com.br\/index.php\/wp-json\/wp\/v2\/media?parent=3770"}],"wp:term":[{"taxonomy":"category","embeddable":true,"href":"https:\/\/blogdoedvaldomagalhaes.com.br\/index.php\/wp-json\/wp\/v2\/categories?post=3770"},{"taxonomy":"post_tag","embeddable":true,"href":"https:\/\/blogdoedvaldomagalhaes.com.br\/index.php\/wp-json\/wp\/v2\/tags?post=3770"}],"curies":[{"name":"wp","href":"https:\/\/api.w.org\/{rel}","templated":true}]}}