{"id":3769,"date":"2017-12-10T20:17:00","date_gmt":"2017-12-10T22:17:00","guid":{"rendered":"http:\/\/blogdoedvaldomagalhaes.com.br\/index.php\/2017\/12\/10\/arena-caruaru-nova-casa-de-shows-do\/"},"modified":"2019-02-09T01:55:47","modified_gmt":"2019-02-09T03:55:47","slug":"arena-caruaru-nova-casa-de-shows-do","status":"publish","type":"post","link":"https:\/\/blogdoedvaldomagalhaes.com.br\/index.php\/2017\/12\/10\/arena-caruaru-nova-casa-de-shows-do\/","title":{"rendered":"Arena Caruaru, a nova casa de shows do interior de Pernambuco"},"content":{"rendered":"<div class=\"m_1429088228242572928m_4267351092596787409gmail-m_3234542537621702365gmail-MsoNormal\" style=\"background-color: white; text-align: justify;\">\n<div class=\"separator\" style=\"clear: both; text-align: center;\">\n<a href=\"https:\/\/3.bp.blogspot.com\/-M-6V2-eFE2Y\/Wi2WQmgRM2I\/AAAAAAAAmhA\/u8a1wD5Ict8_Mq_Z-K897ZSxo2cPahThwCLcBGAs\/s1600\/IMG-20171208-WA0063.jpg\" imageanchor=\"1\" style=\"margin-left: 1em; margin-right: 1em;\"><img loading=\"lazy\" decoding=\"async\" border=\"0\" data-original-height=\"629\" data-original-width=\"1280\" height=\"308\" src=\"http:\/\/blogdoedvaldomagalhaes.com.br\/wp-content\/uploads\/2017\/12\/IMG-20171208-WA0063.jpg\" width=\"640\" \/><\/a><\/div>\n<p>\nNo pr\u00f3ximo dia 22 de dezembro, Caruaru, no Agreste pernambucano, ganha a sua mais nova casa de shows. Um ambiente totalmente pensado para um melhor conforto e divers\u00e3o do p\u00fablico. A Arena Caruaru vai funcionar no antigo Palladium, que fica \u00e0s margens da BR 104, KM 64, a poucos minutos dos principais pontos tur\u00edsticos da Capital do Agreste, como o Alto do Moura e a Feira de Artesanato. O local est\u00e1 em reforma desde o m\u00eas de setembro e traz um novo conceito de eventos para a cidade.<\/p>\n<p>Acessibilidade para portadores de defici\u00eancia, nova decora\u00e7\u00e3o, Arena, Front Stage, mesas Premium, \u00e1rea exclusiva de open bar, camarotes especiais e banheiros climatizados, novo estacionamento com capacidade para 2.500 ve\u00edculos, s\u00e3o algumas das novidades.<\/p>\n<p>Com capacidade para oito mil pessoas, suas instala\u00e7\u00f5es somam 5.250 m\u00b2. O nome da casa foi eleito atrav\u00e9s de vota\u00e7\u00e3o popular. A grande inaugura\u00e7\u00e3o vai acontecer com o melhor Pr\u00e9 R\u00e9veillon do estado, que vai contar com os shows de Henrique &amp; Juliano, Tayrone e Solange Almeida. A partir do dia 17 deste m\u00eas, a casa j\u00e1 estar\u00e1 aberta para que o p\u00fablico possa conhecer o local antes do evento. A pr\u00f3xima festa est\u00e1 marcada para o dia 10 de mar\u00e7o de 2018, com Ra\u00e7a Negra, Amado Batista, Kelvis Duran, Priscila Senna e Banda Musa e Banda Favorita.<\/p><\/div>\n","protected":false},"excerpt":{"rendered":"<p>No pr\u00f3ximo dia 22 de dezembro, Caruaru, no Agreste pernambucano, ganha a sua mais nova casa de shows. Um ambiente&hellip;<\/p>\n","protected":false},"author":1,"featured_media":0,"comment_status":"open","ping_status":"open","sticky":false,"template":"","format":"standard","meta":{"footnotes":""},"categories":[1],"tags":[4433,2,4434,4435,6,4436,4309,4310],"class_list":["post-3769","post","type-post","status-publish","format-standard","hentry","category-sem-categoria","tag-arena-caruaru","tag-blog-do-edvaldo-magalhaes","tag-casa-de-shows-do-interior-de-pernambuco","tag-henrique-juliano","tag-noticias","tag-palladium","tag-solange-almeida","tag-tayrone"],"_links":{"self":[{"href":"https:\/\/blogdoedvaldomagalhaes.com.br\/index.php\/wp-json\/wp\/v2\/posts\/3769","targetHints":{"allow":["GET"]}}],"collection":[{"href":"https:\/\/blogdoedvaldomagalhaes.com.br\/index.php\/wp-json\/wp\/v2\/posts"}],"about":[{"href":"https:\/\/blogdoedvaldomagalhaes.com.br\/index.php\/wp-json\/wp\/v2\/types\/post"}],"author":[{"embeddable":true,"href":"https:\/\/blogdoedvaldomagalhaes.com.br\/index.php\/wp-json\/wp\/v2\/users\/1"}],"replies":[{"embeddable":true,"href":"https:\/\/blogdoedvaldomagalhaes.com.br\/index.php\/wp-json\/wp\/v2\/comments?post=3769"}],"version-history":[{"count":1,"href":"https:\/\/blogdoedvaldomagalhaes.com.br\/index.php\/wp-json\/wp\/v2\/posts\/3769\/revisions"}],"predecessor-version":[{"id":26962,"href":"https:\/\/blogdoedvaldomagalhaes.com.br\/index.php\/wp-json\/wp\/v2\/posts\/3769\/revisions\/26962"}],"wp:attachment":[{"href":"https:\/\/blogdoedvaldomagalhaes.com.br\/index.php\/wp-json\/wp\/v2\/media?parent=3769"}],"wp:term":[{"taxonomy":"category","embeddable":true,"href":"https:\/\/blogdoedvaldomagalhaes.com.br\/index.php\/wp-json\/wp\/v2\/categories?post=3769"},{"taxonomy":"post_tag","embeddable":true,"href":"https:\/\/blogdoedvaldomagalhaes.com.br\/index.php\/wp-json\/wp\/v2\/tags?post=3769"}],"curies":[{"name":"wp","href":"https:\/\/api.w.org\/{rel}","templated":true}]}}