{"id":3768,"date":"2017-12-10T21:26:00","date_gmt":"2017-12-10T23:26:00","guid":{"rendered":"http:\/\/blogdoedvaldomagalhaes.com.br\/index.php\/2017\/12\/10\/filiados-do-pv-discordam-de-rompimento\/"},"modified":"2019-02-09T01:55:48","modified_gmt":"2019-02-09T03:55:48","slug":"filiados-do-pv-discordam-de-rompimento","status":"publish","type":"post","link":"https:\/\/blogdoedvaldomagalhaes.com.br\/index.php\/2017\/12\/10\/filiados-do-pv-discordam-de-rompimento\/","title":{"rendered":"Filiados do PV discordam de rompimento com o PSB"},"content":{"rendered":"<div class=\"separator\" style=\"clear: both; text-align: center;\">\n<a href=\"https:\/\/1.bp.blogspot.com\/-9Q58MzNepx8\/Wi2mIN3KaGI\/AAAAAAAAmhQ\/QDIHOG7G9zI9Aki_WMmvu-3ndO54WP_QACLcBGAs\/s1600\/IMG-20171210-WA0182.jpg\" imageanchor=\"1\" style=\"margin-left: 1em; margin-right: 1em;\"><img loading=\"lazy\" decoding=\"async\" border=\"0\" data-original-height=\"239\" data-original-width=\"300\" height=\"317\" src=\"http:\/\/blogdoedvaldomagalhaes.com.br\/wp-content\/uploads\/2017\/12\/IMG-20171210-WA0182.jpg\" width=\"400\" \/><\/a><\/div>\n<div style=\"text-align: justify;\">\n<br \/>\nConsiderando a decis\u00e3o da executiva Estadual do Partido Verde &#8211; PV em \u201caderir ao movimento de oposi\u00e7\u00e3o\u201d, noticiada ontem na imprensa, n\u00f3s, abaixo assinados, filiados do PV, expressamos o que segue:<\/div>\n<div style=\"text-align: justify;\">\n<\/div>\n<div style=\"text-align: justify;\">\n1. Ap\u00f3s 7 anos de parceria com o PSB, com participa\u00e7\u00e3o efetiva &nbsp;no governo Estadual (atuando na SEMAS e CPRH), consideramos que uma decis\u00e3o de rompimento deveria ser precedida de amplo debate partid\u00e1rio, com a participa\u00e7\u00e3o ativa dos gestores que hoje ocupam cargos p\u00fablicos no governo. Uma reuni\u00e3o neste sentido deveria ser agendada com transpar\u00eancia. Foi uma surpresa ter informa\u00e7\u00e3o pela imprensa, sem qualquer comunica\u00e7\u00e3o &nbsp;oficial da dire\u00e7\u00e3o do partido e sem clareza sobre qual caminho o PV vai seguir em 2018.<\/div>\n<div style=\"text-align: justify;\">\n<\/div>\n<div style=\"text-align: justify;\">\n2. Diante de um cen\u00e1rio pol\u00edtico ainda indefinido, onde o PV sequer apresentou, discutiu e aprovou um projeto pol\u00edtico para as elei\u00e7\u00f5es de 2018, consideramos precipitado qualquer an\u00fancio de rompimento com o PSB e o governo Paulo C\u00e2mara.<\/div>\n<div style=\"text-align: justify;\">\n<\/div>\n<div style=\"text-align: justify;\">\n3. Neste cen\u00e1rio de incertezas pol\u00edticas \u00e9 prudente manter todos os canais de di\u00e1logos abertos, sobretudo em rela\u00e7\u00e3o ao PSB, que acatou compromissos program\u00e1ticos do PV (na alian\u00e7a realizada em 2011 e renovada em 2015) e que est\u00e1 implantando de forma concreta todas as metas, com resultados expressivos.<\/div>\n<div style=\"text-align: justify;\">\n<\/div>\n<div style=\"text-align: justify;\">\n4. Gra\u00e7as a este compromisso program\u00e1tico &#8211; citando apenas um exemplo entre muitos outros: Pernambuco multiplicou &nbsp;em 15 vezes a \u00e1rea de prote\u00e7\u00e3o de Mata Atl\u00e2ntica e Caatinga, saltando de 9 mil para 142 mil hectares protegidos por lei, como destaca o Di\u00e1rio de Pernambuco deste fim de semana (9 e 10\/12\/17 &#8211; capa do Caderno 3).<\/div>\n<div style=\"text-align: justify;\">\n<\/div>\n<div style=\"text-align: justify;\">\n5. Neste contexto, defendemos a continuidade das rela\u00e7\u00f5es com o PSB e a participa\u00e7\u00e3o no governo do Estado at\u00e9 que seja realizada uma discuss\u00e3o mais profunda e transparente no PV.<\/div>\n<div style=\"text-align: justify;\">\n<\/div>\n<div style=\"text-align: justify;\">\n<div style=\"text-align: center;\">\nPernambuco, 10 de Dezembro de 2017<\/div>\n<\/div>\n<div style=\"text-align: justify;\">\n<\/div>\n<div style=\"text-align: justify;\">\nASSINATURAS:<\/div>\n<div style=\"text-align: justify;\">\n<\/div>\n<div style=\"text-align: justify;\">\n&#8211; Eudes Jos\u00e9 Fonseca \/Vereador PV Petrol\u00e2ndia<\/div>\n<div style=\"text-align: justify;\">\n&#8211; Jorge Carlos &nbsp; Vasconcelos \/ Vereador PV Tacaratu<\/div>\n<div style=\"text-align: justify;\">\n&#8211; Cl\u00f3vis Cavalcanti \/ Presidente da Associa\u00e7\u00e3o Internacional de Economia Ecol\u00f3gica<\/div>\n<div style=\"text-align: justify;\">\n&#8211; Carlos Andr\u00e9 Cavalcanti &nbsp;\/ Secret\u00e1rio Executivo da Secretaria Estadual de Meio Ambiente e Sustentabilidade &#8211; SEMAS<\/div>\n<div style=\"text-align: justify;\">\n&#8211; Bernadete Lopes \/ Gerente da SEMAS<\/div>\n<div style=\"text-align: justify;\">\n&#8211; Enildo Kalon \/ Presidente da Associa\u00e7\u00e3o Estadual de Ciganos<\/div>\n<div style=\"text-align: justify;\">\n&#8211; Jeorge Vasconcelos \/ Coordenador APOINME &#8211; Associa\u00e7\u00e3o dos Povos Ind\u00edgenas<\/div>\n<div style=\"text-align: justify;\">\n&#8211; Ant\u00f4nio Teobaldo Aymar Pedrosa \/ Advogado<\/div>\n<div style=\"text-align: justify;\">\n&#8211; Severino Lepe Corr\u00eaa \/ Professor<\/div>\n","protected":false},"excerpt":{"rendered":"<p>Considerando a decis\u00e3o da executiva Estadual do Partido Verde &#8211; PV em \u201caderir ao movimento de oposi\u00e7\u00e3o\u201d, noticiada ontem na&hellip;<\/p>\n","protected":false},"author":1,"featured_media":0,"comment_status":"open","ping_status":"open","sticky":false,"template":"","format":"standard","meta":{"footnotes":""},"categories":[1],"tags":[2,4429,4430,4431,4432,999,20],"class_list":["post-3768","post","type-post","status-publish","format-standard","hentry","category-sem-categoria","tag-blog-do-edvaldo-magalhaes","tag-caatinga","tag-filiados-do-pv-discordam-de-rompimento-com-o-psb","tag-mata-atlantica","tag-partido-verde","tag-paulo-camara","tag-politica"],"_links":{"self":[{"href":"https:\/\/blogdoedvaldomagalhaes.com.br\/index.php\/wp-json\/wp\/v2\/posts\/3768","targetHints":{"allow":["GET"]}}],"collection":[{"href":"https:\/\/blogdoedvaldomagalhaes.com.br\/index.php\/wp-json\/wp\/v2\/posts"}],"about":[{"href":"https:\/\/blogdoedvaldomagalhaes.com.br\/index.php\/wp-json\/wp\/v2\/types\/post"}],"author":[{"embeddable":true,"href":"https:\/\/blogdoedvaldomagalhaes.com.br\/index.php\/wp-json\/wp\/v2\/users\/1"}],"replies":[{"embeddable":true,"href":"https:\/\/blogdoedvaldomagalhaes.com.br\/index.php\/wp-json\/wp\/v2\/comments?post=3768"}],"version-history":[{"count":1,"href":"https:\/\/blogdoedvaldomagalhaes.com.br\/index.php\/wp-json\/wp\/v2\/posts\/3768\/revisions"}],"predecessor-version":[{"id":26964,"href":"https:\/\/blogdoedvaldomagalhaes.com.br\/index.php\/wp-json\/wp\/v2\/posts\/3768\/revisions\/26964"}],"wp:attachment":[{"href":"https:\/\/blogdoedvaldomagalhaes.com.br\/index.php\/wp-json\/wp\/v2\/media?parent=3768"}],"wp:term":[{"taxonomy":"category","embeddable":true,"href":"https:\/\/blogdoedvaldomagalhaes.com.br\/index.php\/wp-json\/wp\/v2\/categories?post=3768"},{"taxonomy":"post_tag","embeddable":true,"href":"https:\/\/blogdoedvaldomagalhaes.com.br\/index.php\/wp-json\/wp\/v2\/tags?post=3768"}],"curies":[{"name":"wp","href":"https:\/\/api.w.org\/{rel}","templated":true}]}}