{"id":3749,"date":"2017-12-12T18:47:00","date_gmt":"2017-12-12T20:47:00","guid":{"rendered":"http:\/\/blogdoedvaldomagalhaes.com.br\/index.php\/2017\/12\/12\/empossada-nova-diretoria-do-sintepe\/"},"modified":"2019-02-09T01:56:10","modified_gmt":"2019-02-09T03:56:10","slug":"empossada-nova-diretoria-do-sintepe","status":"publish","type":"post","link":"https:\/\/blogdoedvaldomagalhaes.com.br\/index.php\/2017\/12\/12\/empossada-nova-diretoria-do-sintepe\/","title":{"rendered":"Empossada a nova diretoria do SINTEPE Regional"},"content":{"rendered":"<div class=\"separator\" style=\"clear: both; text-align: center;\">\n<a href=\"https:\/\/1.bp.blogspot.com\/-EOpld4tcw1k\/WjAkROHcUTI\/AAAAAAAAmpw\/DHba6_yOJy4rRur0SD2mak_TAy1VCBKOwCLcBGAs\/s1600\/sintepe.jpg\" imageanchor=\"1\" style=\"margin-left: 1em; margin-right: 1em;\"><img loading=\"lazy\" decoding=\"async\" border=\"0\" data-original-height=\"774\" data-original-width=\"1032\" height=\"300\" src=\"http:\/\/blogdoedvaldomagalhaes.com.br\/wp-content\/uploads\/2017\/12\/sintepe.jpg\" width=\"400\" \/><\/a><\/div>\n<div style=\"background-color: white; border: 0px; color: #4b4b4b; margin-bottom: 1.5em; outline: 0px; padding: 0px; text-align: justify; vertical-align: baseline;\">\n<\/div>\n<div style=\"background-color: white; border: 0px; color: #4b4b4b; margin-bottom: 1.5em; outline: 0px; padding: 0px; text-align: justify; vertical-align: baseline;\">\nO SINTEPE Regional deu posse na manh\u00e3 desta ter\u00e7a-feira (12), a nova diretoria que vai comandar os destinos do sindicato no tri\u00eanio 2018\/20.<\/div>\n<div style=\"background-color: white; border: 0px; color: #4b4b4b; margin-bottom: 1.5em; outline: 0px; padding: 0px; text-align: justify; vertical-align: baseline;\">\nO professor Ant\u00f4nio Trajano, novo tesoureiro do sindicato, fez um discurso de resgaste \u00e0 hist\u00f3ria e ao trabalho junto aos docentes. \u201d Precisamos atuar de forma direta e ao lado dos companheiros de jornada. N\u00f3s temos a obriga\u00e7\u00e3o de ouvir os nossos professores e n\u00e3o fazer vista grossa ou abandon\u00e1-los, como vinha sendo feito no passado. Nosso discurso \u00e9 inteiramente de unidade!&#8221; destacou Trajano.<\/div>\n<div style=\"background-color: white; border: 0px; color: #4b4b4b; margin-bottom: 1.5em; outline: 0px; padding: 0px; text-align: justify; vertical-align: baseline;\">\nConfira composi\u00e7\u00e3o da nova administra\u00e7\u00e3o do SINTEPE Regional:<\/div>\n<div style=\"background-color: white; border: 0px; color: #4b4b4b; margin-bottom: 1.5em; outline: 0px; padding: 0px; text-align: justify; vertical-align: baseline;\">\nSocorro Fran\u00e7a -Coordenadora Regional<\/div>\n<div style=\"background-color: white; border: 0px; color: #4b4b4b; margin-bottom: 1.5em; outline: 0px; padding: 0px; text-align: justify; vertical-align: baseline;\">\nAntonio Trajano- Tesoureiro<\/div>\n<div style=\"background-color: white; border: 0px; color: #4b4b4b; margin-bottom: 1.5em; outline: 0px; padding: 0px; vertical-align: baseline;\">\n<\/div>\n<div style=\"text-align: justify;\">\nRos\u00e1rio Costa Diretor dos Aposentados<\/div>\n<div style=\"text-align: justify;\">\n<\/div>\n<div style=\"text-align: justify;\">\nSilvestre Silva-Diretor do Interior<\/div>\n<div style=\"text-align: justify;\">\n<\/div>\n<div style=\"text-align: justify;\">\nAna Madriara \u2013 Diretora Administrativa<\/div>\n","protected":false},"excerpt":{"rendered":"<p>O SINTEPE Regional deu posse na manh\u00e3 desta ter\u00e7a-feira (12), a nova diretoria que vai comandar os destinos do sindicato&hellip;<\/p>\n","protected":false},"author":1,"featured_media":0,"comment_status":"open","ping_status":"open","sticky":false,"template":"","format":"standard","meta":{"footnotes":""},"categories":[1],"tags":[4393,4394,2,4395,6,4396,4397,4398],"class_list":["post-3749","post","type-post","status-publish","format-standard","hentry","category-sem-categoria","tag-ana-madriara","tag-antonio-trajano","tag-blog-do-edvaldo-magalhaes","tag-empossada-a-nova-diretoria-do-sintepe-regional","tag-noticias","tag-rosario-costa","tag-silvestre-silva","tag-socorro-franca"],"_links":{"self":[{"href":"https:\/\/blogdoedvaldomagalhaes.com.br\/index.php\/wp-json\/wp\/v2\/posts\/3749","targetHints":{"allow":["GET"]}}],"collection":[{"href":"https:\/\/blogdoedvaldomagalhaes.com.br\/index.php\/wp-json\/wp\/v2\/posts"}],"about":[{"href":"https:\/\/blogdoedvaldomagalhaes.com.br\/index.php\/wp-json\/wp\/v2\/types\/post"}],"author":[{"embeddable":true,"href":"https:\/\/blogdoedvaldomagalhaes.com.br\/index.php\/wp-json\/wp\/v2\/users\/1"}],"replies":[{"embeddable":true,"href":"https:\/\/blogdoedvaldomagalhaes.com.br\/index.php\/wp-json\/wp\/v2\/comments?post=3749"}],"version-history":[{"count":1,"href":"https:\/\/blogdoedvaldomagalhaes.com.br\/index.php\/wp-json\/wp\/v2\/posts\/3749\/revisions"}],"predecessor-version":[{"id":27041,"href":"https:\/\/blogdoedvaldomagalhaes.com.br\/index.php\/wp-json\/wp\/v2\/posts\/3749\/revisions\/27041"}],"wp:attachment":[{"href":"https:\/\/blogdoedvaldomagalhaes.com.br\/index.php\/wp-json\/wp\/v2\/media?parent=3749"}],"wp:term":[{"taxonomy":"category","embeddable":true,"href":"https:\/\/blogdoedvaldomagalhaes.com.br\/index.php\/wp-json\/wp\/v2\/categories?post=3749"},{"taxonomy":"post_tag","embeddable":true,"href":"https:\/\/blogdoedvaldomagalhaes.com.br\/index.php\/wp-json\/wp\/v2\/tags?post=3749"}],"curies":[{"name":"wp","href":"https:\/\/api.w.org\/{rel}","templated":true}]}}