{"id":3744,"date":"2017-12-12T22:46:00","date_gmt":"2017-12-13T00:46:00","guid":{"rendered":"http:\/\/blogdoedvaldomagalhaes.com.br\/index.php\/2017\/12\/12\/audiencia-publica-na-camara-municipa\/"},"modified":"2019-02-09T01:56:13","modified_gmt":"2019-02-09T03:56:13","slug":"audiencia-publica-na-camara-municipa","status":"publish","type":"post","link":"https:\/\/blogdoedvaldomagalhaes.com.br\/index.php\/2017\/12\/12\/audiencia-publica-na-camara-municipa\/","title":{"rendered":"Audi\u00eancia p\u00fablica na C\u00e2mara Municipal discutir\u00e1 as tradi\u00e7\u00f5es das parteiras"},"content":{"rendered":"<div class=\"separator\" style=\"clear: both; text-align: center;\">\n<a href=\"https:\/\/1.bp.blogspot.com\/-9NbsyGqkLqA\/WjBcDzCzYqI\/AAAAAAAAmq0\/HRd2m1TXVTAOIbJN86otIiUjIsFtKNhYwCLcBGAs\/s1600\/camara.jpg\" imageanchor=\"1\" style=\"margin-left: 1em; margin-right: 1em;\"><img loading=\"lazy\" decoding=\"async\" border=\"0\" data-original-height=\"184\" data-original-width=\"300\" height=\"245\" src=\"http:\/\/blogdoedvaldomagalhaes.com.br\/wp-content\/uploads\/2017\/12\/camara-3.jpg\" width=\"400\" \/><\/a><\/div>\n<div class=\"separator\" style=\"clear: both; text-align: center;\">\nFoto: Vladimir Barreto Rodrigues<\/div>\n<div style=\"background-color: white; box-sizing: border-box; line-height: 24px; margin-bottom: 10px; text-align: justify;\">\n<\/div>\n<div style=\"background-color: white; box-sizing: border-box; line-height: 24px; margin-bottom: 10px; text-align: justify;\">\nSer\u00e1 realizada na pr\u00f3xima sexta-feira (15), na C\u00e2mara de Vereadores de Caruaru, uma audi\u00eancia p\u00fablica para discutir as tradi\u00e7\u00f5es das parteiras. O evento, marcado para 9h, ter\u00e1 a participa\u00e7\u00e3o da parteira Suely Carvalho, que vem da It\u00e1lia para passar experi\u00eancia na Capital do Agreste.<\/div>\n<div style=\"background-color: white; box-sizing: border-box; line-height: 24px; margin-bottom: 10px; text-align: justify;\">\nA audi\u00eancia \u00e9 uma iniciativa da vereadora Zez\u00e9 Parteira, que convida as Doulas, Parteiras e a sociedade em geral.<\/div>\n","protected":false},"excerpt":{"rendered":"<p>Foto: Vladimir Barreto Rodrigues Ser\u00e1 realizada na pr\u00f3xima sexta-feira (15), na C\u00e2mara de Vereadores de Caruaru, uma audi\u00eancia p\u00fablica para&hellip;<\/p>\n","protected":false},"author":1,"featured_media":0,"comment_status":"open","ping_status":"open","sticky":false,"template":"","format":"standard","meta":{"footnotes":""},"categories":[1],"tags":[4382,2,4383,20,4384,4385],"class_list":["post-3744","post","type-post","status-publish","format-standard","hentry","category-sem-categoria","tag-audiencia-publica-na-camara-municipal-discutira-as-tradicoes-das-parteiras","tag-blog-do-edvaldo-magalhaes","tag-doulas","tag-politica","tag-suely-carvalho","tag-zeze-parteira"],"_links":{"self":[{"href":"https:\/\/blogdoedvaldomagalhaes.com.br\/index.php\/wp-json\/wp\/v2\/posts\/3744","targetHints":{"allow":["GET"]}}],"collection":[{"href":"https:\/\/blogdoedvaldomagalhaes.com.br\/index.php\/wp-json\/wp\/v2\/posts"}],"about":[{"href":"https:\/\/blogdoedvaldomagalhaes.com.br\/index.php\/wp-json\/wp\/v2\/types\/post"}],"author":[{"embeddable":true,"href":"https:\/\/blogdoedvaldomagalhaes.com.br\/index.php\/wp-json\/wp\/v2\/users\/1"}],"replies":[{"embeddable":true,"href":"https:\/\/blogdoedvaldomagalhaes.com.br\/index.php\/wp-json\/wp\/v2\/comments?post=3744"}],"version-history":[{"count":1,"href":"https:\/\/blogdoedvaldomagalhaes.com.br\/index.php\/wp-json\/wp\/v2\/posts\/3744\/revisions"}],"predecessor-version":[{"id":27051,"href":"https:\/\/blogdoedvaldomagalhaes.com.br\/index.php\/wp-json\/wp\/v2\/posts\/3744\/revisions\/27051"}],"wp:attachment":[{"href":"https:\/\/blogdoedvaldomagalhaes.com.br\/index.php\/wp-json\/wp\/v2\/media?parent=3744"}],"wp:term":[{"taxonomy":"category","embeddable":true,"href":"https:\/\/blogdoedvaldomagalhaes.com.br\/index.php\/wp-json\/wp\/v2\/categories?post=3744"},{"taxonomy":"post_tag","embeddable":true,"href":"https:\/\/blogdoedvaldomagalhaes.com.br\/index.php\/wp-json\/wp\/v2\/tags?post=3744"}],"curies":[{"name":"wp","href":"https:\/\/api.w.org\/{rel}","templated":true}]}}