{"id":3739,"date":"2017-12-13T15:46:00","date_gmt":"2017-12-13T17:46:00","guid":{"rendered":"http:\/\/blogdoedvaldomagalhaes.com.br\/index.php\/2017\/12\/13\/operacoes-da-policia-civil-efetuam-mais\/"},"modified":"2019-02-09T01:56:18","modified_gmt":"2019-02-09T03:56:18","slug":"operacoes-da-policia-civil-efetuam-mais","status":"publish","type":"post","link":"https:\/\/blogdoedvaldomagalhaes.com.br\/index.php\/2017\/12\/13\/operacoes-da-policia-civil-efetuam-mais\/","title":{"rendered":"Opera\u00e7\u00f5es da Pol\u00edcia Civil efetuam mais de 50 pris\u00f5es em cidades do Agreste"},"content":{"rendered":"<div class=\"separator\" style=\"clear: both; text-align: center;\">\n<a href=\"https:\/\/2.bp.blogspot.com\/-mYLGEAJzC1A\/WjFLW0MdhII\/AAAAAAAAms8\/FG4NocWOt9oUte9PYoiUpOCrqSMfZSxvQCLcBGAs\/s1600\/iza.jpg\" imageanchor=\"1\" style=\"margin-left: 1em; margin-right: 1em;\"><img loading=\"lazy\" decoding=\"async\" border=\"0\" data-original-height=\"518\" data-original-width=\"1024\" height=\"201\" src=\"http:\/\/blogdoedvaldomagalhaes.com.br\/wp-content\/uploads\/2017\/12\/iza-1.jpg\" width=\"400\" \/><\/a><\/div>\n<div class=\"separator\" style=\"clear: both; text-align: center;\">\nFoto: Iza\u00edas Rodrigues\/R\u00e1dio Liberdade<\/div>\n<div style=\"background-color: white; box-sizing: border-box; line-height: 24px; margin-bottom: 10px; text-align: justify;\">\n<\/div>\n<div style=\"background-color: white; box-sizing: border-box; line-height: 24px; margin-bottom: 10px; text-align: justify;\">\nA Pol\u00edcia Civil de Pernambuco deflagrou na manh\u00e3 desta quarta-feira (13) tr\u00eas opera\u00e7\u00f5es nas cidades de Caruaru, Gravat\u00e1 e Cupira, Agreste pernambucano. Os detalhes das investiga\u00e7\u00f5es foram apresentados na sede da Dinter-1, em Caruaru.<\/div>\n<div style=\"background-color: white; box-sizing: border-box; line-height: 24px; margin-bottom: 10px; text-align: justify;\">\nDurante as tr\u00eas a\u00e7\u00f5es, denominadas de \u201cSerra Segura\u201d, \u201cTocandira\u201d e \u201cTorniquete\u201d, foram presas 56 pessoas. Os policiais apreenderam 7 rev\u00f3lveres calibre 38, 3 pistolas 380, duas espingardas calibre 12, 53 muni\u00e7\u00f5es, 8 ve\u00edculos, uma carga de cigarros roubada, 21 celulares, um quilo de crack, meio quilo de coca\u00edna e 7 quilos de maconha.<\/div>\n<div style=\"background-color: white; box-sizing: border-box; line-height: 24px; margin-bottom: 10px; text-align: justify;\">\nAs opera\u00e7\u00f5es desarticularam uma organiza\u00e7\u00e3o criminosa voltada para pr\u00e1tica de homic\u00eddios, tr\u00e1fico de droga, roubos qualificados, porte e com\u00e9rcio ilegal de arma de fogo, coa\u00e7\u00e3o a testemunhas e adultera\u00e7\u00e3o de sinais identificadores de ve\u00edculos automotores.<\/div>\n<div style=\"background-color: white; box-sizing: border-box; line-height: 24px; margin-bottom: 10px; text-align: justify;\">\nAl\u00e9m de Caruaru, Gravat\u00e1 e Cupira, os criminosos atuavam em outros munic\u00edpios do Agreste, entre eles, Panelas, Lagoas dos Gatos e Agrestina.<\/div>\n","protected":false},"excerpt":{"rendered":"<p>Foto: Iza\u00edas Rodrigues\/R\u00e1dio Liberdade A Pol\u00edcia Civil de Pernambuco deflagrou na manh\u00e3 desta quarta-feira (13) tr\u00eas opera\u00e7\u00f5es nas cidades de&hellip;<\/p>\n","protected":false},"author":1,"featured_media":0,"comment_status":"open","ping_status":"open","sticky":false,"template":"","format":"standard","meta":{"footnotes":""},"categories":[1],"tags":[2,4376,13],"class_list":["post-3739","post","type-post","status-publish","format-standard","hentry","category-sem-categoria","tag-blog-do-edvaldo-magalhaes","tag-operacoes-da-policia-civil-efetuam-mais-de-50-prisoes-em-cidades-do-agreste","tag-policial"],"_links":{"self":[{"href":"https:\/\/blogdoedvaldomagalhaes.com.br\/index.php\/wp-json\/wp\/v2\/posts\/3739","targetHints":{"allow":["GET"]}}],"collection":[{"href":"https:\/\/blogdoedvaldomagalhaes.com.br\/index.php\/wp-json\/wp\/v2\/posts"}],"about":[{"href":"https:\/\/blogdoedvaldomagalhaes.com.br\/index.php\/wp-json\/wp\/v2\/types\/post"}],"author":[{"embeddable":true,"href":"https:\/\/blogdoedvaldomagalhaes.com.br\/index.php\/wp-json\/wp\/v2\/users\/1"}],"replies":[{"embeddable":true,"href":"https:\/\/blogdoedvaldomagalhaes.com.br\/index.php\/wp-json\/wp\/v2\/comments?post=3739"}],"version-history":[{"count":1,"href":"https:\/\/blogdoedvaldomagalhaes.com.br\/index.php\/wp-json\/wp\/v2\/posts\/3739\/revisions"}],"predecessor-version":[{"id":27075,"href":"https:\/\/blogdoedvaldomagalhaes.com.br\/index.php\/wp-json\/wp\/v2\/posts\/3739\/revisions\/27075"}],"wp:attachment":[{"href":"https:\/\/blogdoedvaldomagalhaes.com.br\/index.php\/wp-json\/wp\/v2\/media?parent=3739"}],"wp:term":[{"taxonomy":"category","embeddable":true,"href":"https:\/\/blogdoedvaldomagalhaes.com.br\/index.php\/wp-json\/wp\/v2\/categories?post=3739"},{"taxonomy":"post_tag","embeddable":true,"href":"https:\/\/blogdoedvaldomagalhaes.com.br\/index.php\/wp-json\/wp\/v2\/tags?post=3739"}],"curies":[{"name":"wp","href":"https:\/\/api.w.org\/{rel}","templated":true}]}}