{"id":3737,"date":"2017-12-13T16:04:00","date_gmt":"2017-12-13T18:04:00","guid":{"rendered":"http:\/\/blogdoedvaldomagalhaes.com.br\/index.php\/2017\/12\/13\/camara-municipal-concedera-titulo-de\/"},"modified":"2019-02-09T01:56:19","modified_gmt":"2019-02-09T03:56:19","slug":"camara-municipal-concedera-titulo-de","status":"publish","type":"post","link":"https:\/\/blogdoedvaldomagalhaes.com.br\/index.php\/2017\/12\/13\/camara-municipal-concedera-titulo-de\/","title":{"rendered":"C\u00e2mara Municipal conceder\u00e1 t\u00edtulo de cidad\u00e3o a Edilson Barbosa (Edilson Sem Terra)"},"content":{"rendered":"<div class=\"separator\" style=\"clear: both; text-align: center;\">\n<a href=\"https:\/\/3.bp.blogspot.com\/-maZc7Ezs1xw\/WjFPTRZJSqI\/AAAAAAAAmtQ\/ephgNKXLB9MXvcLGGxS0XLoGBQudruX4wCLcBGAs\/s1600\/edilson.jpg\" imageanchor=\"1\" style=\"margin-left: 1em; margin-right: 1em;\"><img loading=\"lazy\" decoding=\"async\" border=\"0\" data-original-height=\"853\" data-original-width=\"1280\" height=\"266\" src=\"http:\/\/blogdoedvaldomagalhaes.com.br\/wp-content\/uploads\/2017\/12\/edilson.jpg\" width=\"400\" \/><\/a><\/div>\n<div style=\"background-color: white; border: 0px; margin-bottom: 1.5em; outline: 0px; padding: 0px; text-align: justify; vertical-align: baseline;\">\n<\/div>\n<div style=\"background-color: white; border: 0px; margin-bottom: 1.5em; outline: 0px; padding: 0px; text-align: justify; vertical-align: baseline;\">\nNesta quarta-feira (13), ser\u00e1 entregue do t\u00edtulo de cidad\u00e3o caruaruense para Edilson Barbosa de Lima (Edilson Sem Terra).&nbsp;A propositura \u00e9 do Vereador Daniel Finizola (PT).<\/div>\n<div style=\"background-color: white; border: 0px; margin-bottom: 1.5em; outline: 0px; padding: 0px; text-align: justify; vertical-align: baseline;\">\nEdilson \u00e9 lideran\u00e7a do Movimento dos Trabalhadores Sem Terra em Pernambuco e carrega com ele muita hist\u00f3ria de for\u00e7a e resist\u00eancia, na luta pela Reforma Agr\u00e1ria e Agricultura Familiar.<\/div>\n<div style=\"background-color: white; border: 0px; outline: 0px; padding: 0px; text-align: justify; vertical-align: baseline;\">\nA entrega ser\u00e1 na C\u00e2mara Municipal, \u00e0s 18 horas e contar\u00e1 com a presen\u00e7a de diversos representantes de movimentos sociais.<\/div>\n","protected":false},"excerpt":{"rendered":"<p>Nesta quarta-feira (13), ser\u00e1 entregue do t\u00edtulo de cidad\u00e3o caruaruense para Edilson Barbosa de Lima (Edilson Sem Terra).&nbsp;A propositura \u00e9&hellip;<\/p>\n","protected":false},"author":1,"featured_media":0,"comment_status":"open","ping_status":"open","sticky":false,"template":"","format":"standard","meta":{"footnotes":""},"categories":[1],"tags":[2,4373,4374,20],"class_list":["post-3737","post","type-post","status-publish","format-standard","hentry","category-sem-categoria","tag-blog-do-edvaldo-magalhaes","tag-camara-municipal-concedera-titulo-de-cidadao-a-edilson-barbosa-edilson-sem-terra","tag-daniel-finizola-pt","tag-politica"],"_links":{"self":[{"href":"https:\/\/blogdoedvaldomagalhaes.com.br\/index.php\/wp-json\/wp\/v2\/posts\/3737","targetHints":{"allow":["GET"]}}],"collection":[{"href":"https:\/\/blogdoedvaldomagalhaes.com.br\/index.php\/wp-json\/wp\/v2\/posts"}],"about":[{"href":"https:\/\/blogdoedvaldomagalhaes.com.br\/index.php\/wp-json\/wp\/v2\/types\/post"}],"author":[{"embeddable":true,"href":"https:\/\/blogdoedvaldomagalhaes.com.br\/index.php\/wp-json\/wp\/v2\/users\/1"}],"replies":[{"embeddable":true,"href":"https:\/\/blogdoedvaldomagalhaes.com.br\/index.php\/wp-json\/wp\/v2\/comments?post=3737"}],"version-history":[{"count":1,"href":"https:\/\/blogdoedvaldomagalhaes.com.br\/index.php\/wp-json\/wp\/v2\/posts\/3737\/revisions"}],"predecessor-version":[{"id":27079,"href":"https:\/\/blogdoedvaldomagalhaes.com.br\/index.php\/wp-json\/wp\/v2\/posts\/3737\/revisions\/27079"}],"wp:attachment":[{"href":"https:\/\/blogdoedvaldomagalhaes.com.br\/index.php\/wp-json\/wp\/v2\/media?parent=3737"}],"wp:term":[{"taxonomy":"category","embeddable":true,"href":"https:\/\/blogdoedvaldomagalhaes.com.br\/index.php\/wp-json\/wp\/v2\/categories?post=3737"},{"taxonomy":"post_tag","embeddable":true,"href":"https:\/\/blogdoedvaldomagalhaes.com.br\/index.php\/wp-json\/wp\/v2\/tags?post=3737"}],"curies":[{"name":"wp","href":"https:\/\/api.w.org\/{rel}","templated":true}]}}