{"id":3736,"date":"2017-12-13T18:38:00","date_gmt":"2017-12-13T20:38:00","guid":{"rendered":"http:\/\/blogdoedvaldomagalhaes.com.br\/index.php\/2017\/12\/13\/camara-aprova-projeto-de-lei-sobre\/"},"modified":"2019-02-09T01:56:20","modified_gmt":"2019-02-09T03:56:20","slug":"camara-aprova-projeto-de-lei-sobre","status":"publish","type":"post","link":"https:\/\/blogdoedvaldomagalhaes.com.br\/index.php\/2017\/12\/13\/camara-aprova-projeto-de-lei-sobre\/","title":{"rendered":"C\u00e2mara aprova projeto de lei sobre Animal Comunit\u00e1rio em Caruaru"},"content":{"rendered":"<div class=\"separator\" style=\"clear: both; text-align: center;\">\n<a href=\"https:\/\/4.bp.blogspot.com\/--_-kFLpWa4g\/WjFzsLkyhrI\/AAAAAAAAmts\/xVmGVEA0qEgzT5yJwXGIsMpgTZfKVQbcQCLcBGAs\/s1600\/ver.jpg\" imageanchor=\"1\" style=\"margin-left: 1em; margin-right: 1em;\"><img loading=\"lazy\" decoding=\"async\" border=\"0\" data-original-height=\"480\" data-original-width=\"640\" height=\"300\" src=\"http:\/\/blogdoedvaldomagalhaes.com.br\/wp-content\/uploads\/2017\/12\/ver.jpg\" width=\"400\" \/><\/a><\/div>\n<div style=\"background-color: white; border: 0px; margin-bottom: 1.5em; outline: 0px; padding: 0px; text-align: justify; vertical-align: baseline;\">\n<\/div>\n<div style=\"background-color: white; border: 0px; margin-bottom: 1.5em; outline: 0px; padding: 0px; text-align: justify; vertical-align: baseline;\">\nFoi aprovado na reuni\u00e3o da ter\u00e7a-feira (12), na C\u00e2mara Municipal de Caruaru, o projeto de Lei 7.334\/2017 que trata sobre o Animal Comunit\u00e1rio no munic\u00edpio. A propositura \u00e9 do vereador Alberes Lopes (PRP) e pretende instituir pol\u00edticas p\u00fablicas gratuitas de identifica\u00e7\u00e3o, controle e atendimento a c\u00e3es e gatos.<\/div>\n<div style=\"background-color: white; border: 0px; margin-bottom: 1.5em; outline: 0px; padding: 0px; text-align: justify; vertical-align: baseline;\">\nDe acordo com o projeto, que desde o m\u00eas de mar\u00e7o estava em an\u00e1lise nas comiss\u00f5es, a prefeitura ficar\u00e1 respons\u00e1vel por recolher o animal para fins de registro, castra\u00e7\u00e3o e tratamento para, em seguida, identificar e cadastrar os tratadores interessados pela manuten\u00e7\u00e3o dos animais, que ser\u00e3o devolvidos \u00e0 comunidade de origem. \u201cO projeto tem o objetivo de oferecer mecanismo para colaborar a sa\u00fade p\u00fablica, o bem-estar animal e o manejo populacional de c\u00e3es e gatos de rua no munic\u00edpio. Sabemos que Caruaru n\u00e3o oferece condi\u00e7\u00f5es para atender todos os bichos, mas atrav\u00e9s da ado\u00e7\u00e3o comunit\u00e1ria, o animal, mesmo em estado de rua, ter\u00e1 mais respeito e zelo\u201d, destaca.<\/div>\n<div style=\"background-color: white; border: 0px; margin-bottom: 1.5em; outline: 0px; padding: 0px; text-align: justify; vertical-align: baseline;\">\nAlberes explica ainda que depois de vacinados, identificados e castrados, os animais n\u00e3o oferecem mais riscos de transmitir doen\u00e7as. Alem de garantir ao munic\u00edpio o controle da quantidade de animais. A prefeitura pode realizar a\u00e7\u00f5es integradas com institui\u00e7\u00f5es de medicina veterin\u00e1ria, ONGs de prote\u00e7\u00e3o animal, ativistas, protetores e a sociedade civil, como ocorre em alguns estados que inclu\u00edram em suas legisla\u00e7\u00f5es projetos semelhantes, como Paran\u00e1 (lei 17.422\/2012), Rio de Janeiro (lei 4.956\/2008), S\u00e3o Paulo (lei 12.916\/2008); Rio Grande do Sul (lei 13.193\/2009); e Pernambuco (lei 14.139\/2010).<\/div>\n<div style=\"background-color: white; border: 0px; margin-bottom: 1.5em; outline: 0px; padding: 0px; text-align: justify; vertical-align: baseline;\">\nAgora, o projeto segue para o Poder Executivo municipal para que seja coloca em pr\u00e1tica.<\/div>\n","protected":false},"excerpt":{"rendered":"<p>Foi aprovado na reuni\u00e3o da ter\u00e7a-feira (12), na C\u00e2mara Municipal de Caruaru, o projeto de Lei 7.334\/2017 que trata sobre&hellip;<\/p>\n","protected":false},"author":1,"featured_media":0,"comment_status":"open","ping_status":"open","sticky":false,"template":"","format":"standard","meta":{"footnotes":""},"categories":[1],"tags":[2,4372,20],"class_list":["post-3736","post","type-post","status-publish","format-standard","hentry","category-sem-categoria","tag-blog-do-edvaldo-magalhaes","tag-camara-aprova-projeto-de-lei-sobre-animal-comunitario-em-caruaru","tag-politica"],"_links":{"self":[{"href":"https:\/\/blogdoedvaldomagalhaes.com.br\/index.php\/wp-json\/wp\/v2\/posts\/3736","targetHints":{"allow":["GET"]}}],"collection":[{"href":"https:\/\/blogdoedvaldomagalhaes.com.br\/index.php\/wp-json\/wp\/v2\/posts"}],"about":[{"href":"https:\/\/blogdoedvaldomagalhaes.com.br\/index.php\/wp-json\/wp\/v2\/types\/post"}],"author":[{"embeddable":true,"href":"https:\/\/blogdoedvaldomagalhaes.com.br\/index.php\/wp-json\/wp\/v2\/users\/1"}],"replies":[{"embeddable":true,"href":"https:\/\/blogdoedvaldomagalhaes.com.br\/index.php\/wp-json\/wp\/v2\/comments?post=3736"}],"version-history":[{"count":1,"href":"https:\/\/blogdoedvaldomagalhaes.com.br\/index.php\/wp-json\/wp\/v2\/posts\/3736\/revisions"}],"predecessor-version":[{"id":27081,"href":"https:\/\/blogdoedvaldomagalhaes.com.br\/index.php\/wp-json\/wp\/v2\/posts\/3736\/revisions\/27081"}],"wp:attachment":[{"href":"https:\/\/blogdoedvaldomagalhaes.com.br\/index.php\/wp-json\/wp\/v2\/media?parent=3736"}],"wp:term":[{"taxonomy":"category","embeddable":true,"href":"https:\/\/blogdoedvaldomagalhaes.com.br\/index.php\/wp-json\/wp\/v2\/categories?post=3736"},{"taxonomy":"post_tag","embeddable":true,"href":"https:\/\/blogdoedvaldomagalhaes.com.br\/index.php\/wp-json\/wp\/v2\/tags?post=3736"}],"curies":[{"name":"wp","href":"https:\/\/api.w.org\/{rel}","templated":true}]}}