{"id":3735,"date":"2017-12-13T18:50:00","date_gmt":"2017-12-13T20:50:00","guid":{"rendered":"http:\/\/blogdoedvaldomagalhaes.com.br\/index.php\/2017\/12\/13\/policia-detalha-prisao-de-suspeito-de\/"},"modified":"2019-02-09T01:56:20","modified_gmt":"2019-02-09T03:56:20","slug":"policia-detalha-prisao-de-suspeito-de","status":"publish","type":"post","link":"https:\/\/blogdoedvaldomagalhaes.com.br\/index.php\/2017\/12\/13\/policia-detalha-prisao-de-suspeito-de\/","title":{"rendered":"Pol\u00edcia detalha pris\u00e3o de suspeito de matar pai e filho em Toritama"},"content":{"rendered":"<div class=\"separator\" style=\"clear: both; text-align: center;\">\n<a href=\"https:\/\/4.bp.blogspot.com\/-eHXkbgrsOqE\/WjF19poL6PI\/AAAAAAAAmt8\/KYsrXXYpx40VarnRyh70WnYYiO5kE02tACLcBGAs\/s1600\/retrato.jpg\" imageanchor=\"1\" style=\"margin-left: 1em; margin-right: 1em;\"><img loading=\"lazy\" decoding=\"async\" border=\"0\" data-original-height=\"791\" data-original-width=\"1024\" height=\"306\" src=\"http:\/\/blogdoedvaldomagalhaes.com.br\/wp-content\/uploads\/2017\/12\/retrato.jpg\" width=\"400\" \/><\/a><\/div>\n<p>\nA Pol\u00edcia Civil apresentou, na manh\u00e3 desta quarta-feira (13), em Caruaru, detalhes da pris\u00e3o de Geandro de Assis Paraizo, 30 anos, suspeito de matar pai e filho em Toritama. O crime aconteceu na sexta-feira (08).<\/p>\n<p><\/p>\n<div style=\"background-color: white; box-sizing: border-box; line-height: 26px; margin-bottom: 26px; text-align: justify; word-wrap: break-word;\">\nNa a\u00e7\u00e3o criminosa foram assassinados Jos\u00e9 Iranildo da Silva, de 35 anos e o filho dele Hyann Thiago da Silva, de 7 anos. Os dois foram mortos atingidos por disparos de arma de fogo.<\/div>\n<div style=\"background-color: white; box-sizing: border-box; line-height: 26px; margin-bottom: 26px; text-align: justify; word-wrap: break-word;\">\nFoi confeccionado um retrato falado, atrav\u00e9s de aux\u00edlio testemunhal, instrumento este que auxiliou sobremaneira o trabalho da Pol\u00edcia e a colheita de informa\u00e7\u00f5es. A equipe da 129 DP Toritama, desde o dia do crime n\u00e3o descansou em busca do assassino.<\/div>\n<div style=\"background-color: white; box-sizing: border-box; line-height: 26px; margin-bottom: 26px; text-align: justify; word-wrap: break-word;\">\nAs investiga\u00e7\u00f5es continuam com a devida instru\u00e7\u00e3o do Inqu\u00e9rito Policial, na busca inclusive dos demais criminosos que atuaram nesse b\u00e1rbaro e covarde crime.<\/div>\n","protected":false},"excerpt":{"rendered":"<p>A Pol\u00edcia Civil apresentou, na manh\u00e3 desta quarta-feira (13), em Caruaru, detalhes da pris\u00e3o de Geandro de Assis Paraizo, 30&hellip;<\/p>\n","protected":false},"author":1,"featured_media":0,"comment_status":"open","ping_status":"open","sticky":false,"template":"","format":"standard","meta":{"footnotes":""},"categories":[1],"tags":[2,4371,13],"class_list":["post-3735","post","type-post","status-publish","format-standard","hentry","category-sem-categoria","tag-blog-do-edvaldo-magalhaes","tag-policia-detalha-prisao-de-suspeito-de-matar-pai-e-filho-em-toritama","tag-policial"],"_links":{"self":[{"href":"https:\/\/blogdoedvaldomagalhaes.com.br\/index.php\/wp-json\/wp\/v2\/posts\/3735","targetHints":{"allow":["GET"]}}],"collection":[{"href":"https:\/\/blogdoedvaldomagalhaes.com.br\/index.php\/wp-json\/wp\/v2\/posts"}],"about":[{"href":"https:\/\/blogdoedvaldomagalhaes.com.br\/index.php\/wp-json\/wp\/v2\/types\/post"}],"author":[{"embeddable":true,"href":"https:\/\/blogdoedvaldomagalhaes.com.br\/index.php\/wp-json\/wp\/v2\/users\/1"}],"replies":[{"embeddable":true,"href":"https:\/\/blogdoedvaldomagalhaes.com.br\/index.php\/wp-json\/wp\/v2\/comments?post=3735"}],"version-history":[{"count":1,"href":"https:\/\/blogdoedvaldomagalhaes.com.br\/index.php\/wp-json\/wp\/v2\/posts\/3735\/revisions"}],"predecessor-version":[{"id":27083,"href":"https:\/\/blogdoedvaldomagalhaes.com.br\/index.php\/wp-json\/wp\/v2\/posts\/3735\/revisions\/27083"}],"wp:attachment":[{"href":"https:\/\/blogdoedvaldomagalhaes.com.br\/index.php\/wp-json\/wp\/v2\/media?parent=3735"}],"wp:term":[{"taxonomy":"category","embeddable":true,"href":"https:\/\/blogdoedvaldomagalhaes.com.br\/index.php\/wp-json\/wp\/v2\/categories?post=3735"},{"taxonomy":"post_tag","embeddable":true,"href":"https:\/\/blogdoedvaldomagalhaes.com.br\/index.php\/wp-json\/wp\/v2\/tags?post=3735"}],"curies":[{"name":"wp","href":"https:\/\/api.w.org\/{rel}","templated":true}]}}