{"id":3734,"date":"2017-12-13T22:24:00","date_gmt":"2017-12-14T00:24:00","guid":{"rendered":"http:\/\/blogdoedvaldomagalhaes.com.br\/index.php\/2017\/12\/13\/policia-civil-prende-suspeito-de-matar\/"},"modified":"2019-02-09T01:56:20","modified_gmt":"2019-02-09T03:56:20","slug":"policia-civil-prende-suspeito-de-matar","status":"publish","type":"post","link":"https:\/\/blogdoedvaldomagalhaes.com.br\/index.php\/2017\/12\/13\/policia-civil-prende-suspeito-de-matar\/","title":{"rendered":"Pol\u00edcia Civil prende suspeito de matar enteada de 14 anos"},"content":{"rendered":"<div class=\"separator\" style=\"clear: both; text-align: center;\">\n<a href=\"https:\/\/2.bp.blogspot.com\/-LcQXXDDw3Bg\/WjGoRpBxA2I\/AAAAAAAAmuc\/pdUQn910Ir8h-iYOIVgAU0P6bszq-BnLQCLcBGAs\/s1600\/ele.jpg\" imageanchor=\"1\" style=\"margin-left: 1em; margin-right: 1em;\"><img loading=\"lazy\" decoding=\"async\" border=\"0\" data-original-height=\"400\" data-original-width=\"225\" height=\"400\" src=\"http:\/\/blogdoedvaldomagalhaes.com.br\/wp-content\/uploads\/2017\/12\/ele-1.jpg\" width=\"225\" \/><\/a><\/div>\n<div class=\"separator\" style=\"clear: both; text-align: center;\">\nFoto: Pol\u00edcia Civil\/Divulga\u00e7\u00e3o<\/div>\n<div class=\"separator\" style=\"clear: both; text-align: center;\">\n<\/div>\n<div style=\"text-align: justify;\">\nO homem de 38 anos, suspeito de matar a enteada de 14 anos nessa ter\u00e7a-feira (12) em Bom Conselho, no Agreste de Pernambuco, foi preso nesta quarta-feira (13). Equipes da Pol\u00edcia Civil encontraram o padrasto na casa de familiares em Garanhuns, na mesma regi\u00e3o do Estado.<\/div>\n<div style=\"text-align: justify;\">\n<\/div>\n<div style=\"text-align: justify;\">\nO balconista Ricardo Teixeira Lucena, de 38 anos, confessou o crime e disse que matou a enteada porque sentia ci\u00fames dela. \u201cSegundo informa\u00e7\u00f5es de vizinhos, o homem j\u00e1 vinha amea\u00e7ando a v\u00edtima e brigou com a garota esse fim de semana ap\u00f3s v\u00ea-la dan\u00e7ando com um amigo. Ontem, usou uma enxada pequena e deu v\u00e1rios golpes na cabe\u00e7a da v\u00edtima\u201d, relatou o delegado respons\u00e1vel pelas investiga\u00e7\u00f5es do caso, Alex Almeida, titular da Delegacia de Bom Conselho.<\/div>\n<div style=\"text-align: justify;\">\n<\/div>\n<div style=\"text-align: justify;\">\nAinda de acordo com o investigador, o suspeito morava com a menina e a m\u00e3e dela h\u00e1 mais de 10 anos. O casal tem uma filha de quatro anos. O homem foi autuado por homic\u00eddio doloso e encaminhado \u00e0 Cadeia P\u00fablica de Bom Conselho.<\/div>\n<p><\/p>\n","protected":false},"excerpt":{"rendered":"<p>Foto: Pol\u00edcia Civil\/Divulga\u00e7\u00e3o O homem de 38 anos, suspeito de matar a enteada de 14 anos nessa ter\u00e7a-feira (12) em&hellip;<\/p>\n","protected":false},"author":1,"featured_media":0,"comment_status":"open","ping_status":"open","sticky":false,"template":"","format":"standard","meta":{"footnotes":""},"categories":[1],"tags":[2,4369,4370,13],"class_list":["post-3734","post","type-post","status-publish","format-standard","hentry","category-sem-categoria","tag-blog-do-edvaldo-magalhaes","tag-bom-conselho","tag-policia-civil-prende-suspeito-de-matar-enteada-de-14-anos","tag-policial"],"_links":{"self":[{"href":"https:\/\/blogdoedvaldomagalhaes.com.br\/index.php\/wp-json\/wp\/v2\/posts\/3734","targetHints":{"allow":["GET"]}}],"collection":[{"href":"https:\/\/blogdoedvaldomagalhaes.com.br\/index.php\/wp-json\/wp\/v2\/posts"}],"about":[{"href":"https:\/\/blogdoedvaldomagalhaes.com.br\/index.php\/wp-json\/wp\/v2\/types\/post"}],"author":[{"embeddable":true,"href":"https:\/\/blogdoedvaldomagalhaes.com.br\/index.php\/wp-json\/wp\/v2\/users\/1"}],"replies":[{"embeddable":true,"href":"https:\/\/blogdoedvaldomagalhaes.com.br\/index.php\/wp-json\/wp\/v2\/comments?post=3734"}],"version-history":[{"count":1,"href":"https:\/\/blogdoedvaldomagalhaes.com.br\/index.php\/wp-json\/wp\/v2\/posts\/3734\/revisions"}],"predecessor-version":[{"id":27085,"href":"https:\/\/blogdoedvaldomagalhaes.com.br\/index.php\/wp-json\/wp\/v2\/posts\/3734\/revisions\/27085"}],"wp:attachment":[{"href":"https:\/\/blogdoedvaldomagalhaes.com.br\/index.php\/wp-json\/wp\/v2\/media?parent=3734"}],"wp:term":[{"taxonomy":"category","embeddable":true,"href":"https:\/\/blogdoedvaldomagalhaes.com.br\/index.php\/wp-json\/wp\/v2\/categories?post=3734"},{"taxonomy":"post_tag","embeddable":true,"href":"https:\/\/blogdoedvaldomagalhaes.com.br\/index.php\/wp-json\/wp\/v2\/tags?post=3734"}],"curies":[{"name":"wp","href":"https:\/\/api.w.org\/{rel}","templated":true}]}}