{"id":3707,"date":"2017-12-15T22:34:00","date_gmt":"2017-12-16T00:34:00","guid":{"rendered":"http:\/\/blogdoedvaldomagalhaes.com.br\/index.php\/2017\/12\/15\/tecnico-mauro-fernandes-esboca-time-do\/"},"modified":"2019-02-09T01:56:42","modified_gmt":"2019-02-09T03:56:42","slug":"tecnico-mauro-fernandes-esboca-time-do","status":"publish","type":"post","link":"https:\/\/blogdoedvaldomagalhaes.com.br\/index.php\/2017\/12\/15\/tecnico-mauro-fernandes-esboca-time-do\/","title":{"rendered":"T\u00e9cnico Mauro Fernandes esbo\u00e7a time do Central para a temporada 2018"},"content":{"rendered":"<div class=\"separator\" style=\"clear: both; text-align: center;\">\n<a href=\"https:\/\/4.bp.blogspot.com\/-LbyPe_BM4IU\/WjRNQVssgDI\/AAAAAAAAm4w\/n-I0-ykAlis6k6M28gboun_FM7P1LPcLgCLcBGAs\/s1600\/central.jpg\" imageanchor=\"1\" style=\"margin-left: 1em; margin-right: 1em;\"><img loading=\"lazy\" decoding=\"async\" border=\"0\" data-original-height=\"540\" data-original-width=\"960\" height=\"225\" src=\"http:\/\/blogdoedvaldomagalhaes.com.br\/wp-content\/uploads\/2017\/12\/central-1.jpg\" width=\"400\" \/><\/a><\/div>\n<div style=\"background-color: white; margin-bottom: 6px; text-align: justify;\">\n<\/div>\n<div style=\"background-color: white; margin-bottom: 6px; text-align: justify;\">\nNo quarto dia de prepara\u00e7\u00e3o para a temporada 2018, o t\u00e9cnico Mauro Fernandes voltou a trabalhar com bola e j\u00e1 fez um esbo\u00e7o do time titular com&nbsp;Murilo; Dudu Gago, Hismael, Bruno Oliveira e Charles; Douglas Carioca, Eduardo Er\u00ea, Lucas Silva e J\u00fanior Lemos; Luiz\u00e3o e Leandro Costa.<\/p>\n<\/div>\n<div style=\"background-color: white; margin-bottom: 6px; margin-top: 6px; text-align: justify;\">\nO treino deste s\u00e1bado (16) ser\u00e1 no Ninho do Gavi\u00e3o, centro de treinamento do Porto.<\/div>\n","protected":false},"excerpt":{"rendered":"<p>No quarto dia de prepara\u00e7\u00e3o para a temporada 2018, o t\u00e9cnico Mauro Fernandes voltou a trabalhar com bola e j\u00e1&hellip;<\/p>\n","protected":false},"author":1,"featured_media":0,"comment_status":"open","ping_status":"open","sticky":false,"template":"","format":"standard","meta":{"footnotes":""},"categories":[1],"tags":[2,4324,4325,3,4326,4327,522,4328,4329],"class_list":["post-3707","post","type-post","status-publish","format-standard","hentry","category-sem-categoria","tag-blog-do-edvaldo-magalhaes","tag-bruno-oliveira","tag-douglas-carioca","tag-futebol","tag-hismael","tag-junior-lemos-luizao","tag-leandro-costa","tag-murilo-dudu-gago","tag-tecnico-mauro-fernandes-esboca-time-do-central-para-a-temporada-2018"],"_links":{"self":[{"href":"https:\/\/blogdoedvaldomagalhaes.com.br\/index.php\/wp-json\/wp\/v2\/posts\/3707","targetHints":{"allow":["GET"]}}],"collection":[{"href":"https:\/\/blogdoedvaldomagalhaes.com.br\/index.php\/wp-json\/wp\/v2\/posts"}],"about":[{"href":"https:\/\/blogdoedvaldomagalhaes.com.br\/index.php\/wp-json\/wp\/v2\/types\/post"}],"author":[{"embeddable":true,"href":"https:\/\/blogdoedvaldomagalhaes.com.br\/index.php\/wp-json\/wp\/v2\/users\/1"}],"replies":[{"embeddable":true,"href":"https:\/\/blogdoedvaldomagalhaes.com.br\/index.php\/wp-json\/wp\/v2\/comments?post=3707"}],"version-history":[{"count":1,"href":"https:\/\/blogdoedvaldomagalhaes.com.br\/index.php\/wp-json\/wp\/v2\/posts\/3707\/revisions"}],"predecessor-version":[{"id":27181,"href":"https:\/\/blogdoedvaldomagalhaes.com.br\/index.php\/wp-json\/wp\/v2\/posts\/3707\/revisions\/27181"}],"wp:attachment":[{"href":"https:\/\/blogdoedvaldomagalhaes.com.br\/index.php\/wp-json\/wp\/v2\/media?parent=3707"}],"wp:term":[{"taxonomy":"category","embeddable":true,"href":"https:\/\/blogdoedvaldomagalhaes.com.br\/index.php\/wp-json\/wp\/v2\/categories?post=3707"},{"taxonomy":"post_tag","embeddable":true,"href":"https:\/\/blogdoedvaldomagalhaes.com.br\/index.php\/wp-json\/wp\/v2\/tags?post=3707"}],"curies":[{"name":"wp","href":"https:\/\/api.w.org\/{rel}","templated":true}]}}