{"id":3699,"date":"2017-12-17T10:01:00","date_gmt":"2017-12-17T12:01:00","guid":{"rendered":"http:\/\/blogdoedvaldomagalhaes.com.br\/index.php\/2017\/12\/17\/jovem-assassinado-tiros-em-caruaru-3\/"},"modified":"2019-02-09T01:56:46","modified_gmt":"2019-02-09T03:56:46","slug":"jovem-assassinado-tiros-em-caruaru-3","status":"publish","type":"post","link":"https:\/\/blogdoedvaldomagalhaes.com.br\/index.php\/2017\/12\/17\/jovem-assassinado-tiros-em-caruaru-3\/","title":{"rendered":"Jovem assassinado a tiros em Caruaru nesse s\u00e1bado (16)"},"content":{"rendered":"<div class=\"separator\" style=\"clear: both; text-align: center;\">\n<a href=\"https:\/\/2.bp.blogspot.com\/-f8pz8XbTAvI\/WjY-t4pSJ2I\/AAAAAAAAm-g\/4z-CCztlfNADEiUwhPJAh6EeVRTJAR9XACLcBGAs\/s1600\/IMG-20171217-WA0031.jpg\" imageanchor=\"1\" style=\"margin-left: 1em; margin-right: 1em;\"><img loading=\"lazy\" decoding=\"async\" border=\"0\" data-original-height=\"1136\" data-original-width=\"640\" height=\"400\" src=\"http:\/\/blogdoedvaldomagalhaes.com.br\/wp-content\/uploads\/2017\/12\/IMG-20171217-WA0031.jpg\" width=\"225\" \/><\/a><\/div>\n<div class=\"separator\" style=\"clear: both; text-align: center;\">\nFoto: Whatsapp<\/div>\n<div class=\"separator\" style=\"clear: both; text-align: center;\">\n<\/div>\n<div style=\"text-align: justify;\">\nO jovem Jo\u00e3o Vitor Alves da Silva, de 18 anos, residente na rua H\u00e9lio Mota, na Vila Rafael, zona rural de Caruaru, ex-presidi\u00e1rio, estava bebendo com amigos e familiares, quando chegaram dois indiv\u00edduos em uma moto no final da noite desse s\u00e1bado (16) e mataram a v\u00edtima com disparos de arma de fogo. &nbsp;<\/p>\n<p>Este foi o segundo homic\u00eddio registado nesse s\u00e1bado (16) no munic\u00edpio. Jo\u00e3o j\u00e1 foi preso enquadrado na Lei Maria da Penha e estava trabalhando como servente de pedreiro, e foi avisado que iria morrer, se continuasse andando com dois dos seus amigos que est\u00e3o jurados de morte, sendo que um desses dois amigos estava com ele na hora do crime e saiu correndo.&nbsp;<\/p><\/div>\n<div style=\"text-align: justify;\">\n<\/div>\n<div style=\"text-align: justify;\">\nEste foi o 10\u00b0 homic\u00eddio no m\u00eas de dezembro e 261\u00b0 no ano em Caruaru.&nbsp;<\/div>\n","protected":false},"excerpt":{"rendered":"<p>Foto: Whatsapp O jovem Jo\u00e3o Vitor Alves da Silva, de 18 anos, residente na rua H\u00e9lio Mota, na Vila Rafael,&hellip;<\/p>\n","protected":false},"author":1,"featured_media":0,"comment_status":"open","ping_status":"open","sticky":false,"template":"","format":"standard","meta":{"footnotes":""},"categories":[1],"tags":[2,4318,13],"class_list":["post-3699","post","type-post","status-publish","format-standard","hentry","category-sem-categoria","tag-blog-do-edvaldo-magalhaes","tag-jovem-assassinado-a-tiros-em-caruaru-nesse-sabado-16","tag-policial"],"_links":{"self":[{"href":"https:\/\/blogdoedvaldomagalhaes.com.br\/index.php\/wp-json\/wp\/v2\/posts\/3699","targetHints":{"allow":["GET"]}}],"collection":[{"href":"https:\/\/blogdoedvaldomagalhaes.com.br\/index.php\/wp-json\/wp\/v2\/posts"}],"about":[{"href":"https:\/\/blogdoedvaldomagalhaes.com.br\/index.php\/wp-json\/wp\/v2\/types\/post"}],"author":[{"embeddable":true,"href":"https:\/\/blogdoedvaldomagalhaes.com.br\/index.php\/wp-json\/wp\/v2\/users\/1"}],"replies":[{"embeddable":true,"href":"https:\/\/blogdoedvaldomagalhaes.com.br\/index.php\/wp-json\/wp\/v2\/comments?post=3699"}],"version-history":[{"count":1,"href":"https:\/\/blogdoedvaldomagalhaes.com.br\/index.php\/wp-json\/wp\/v2\/posts\/3699\/revisions"}],"predecessor-version":[{"id":27209,"href":"https:\/\/blogdoedvaldomagalhaes.com.br\/index.php\/wp-json\/wp\/v2\/posts\/3699\/revisions\/27209"}],"wp:attachment":[{"href":"https:\/\/blogdoedvaldomagalhaes.com.br\/index.php\/wp-json\/wp\/v2\/media?parent=3699"}],"wp:term":[{"taxonomy":"category","embeddable":true,"href":"https:\/\/blogdoedvaldomagalhaes.com.br\/index.php\/wp-json\/wp\/v2\/categories?post=3699"},{"taxonomy":"post_tag","embeddable":true,"href":"https:\/\/blogdoedvaldomagalhaes.com.br\/index.php\/wp-json\/wp\/v2\/tags?post=3699"}],"curies":[{"name":"wp","href":"https:\/\/api.w.org\/{rel}","templated":true}]}}