{"id":3693,"date":"2017-12-18T14:51:00","date_gmt":"2017-12-18T16:51:00","guid":{"rendered":"http:\/\/blogdoedvaldomagalhaes.com.br\/index.php\/2017\/12\/18\/feira-da-sulanca-de-caruaru-sera-3\/"},"modified":"2019-02-09T01:56:50","modified_gmt":"2019-02-09T03:56:50","slug":"feira-da-sulanca-de-caruaru-sera-3","status":"publish","type":"post","link":"https:\/\/blogdoedvaldomagalhaes.com.br\/index.php\/2017\/12\/18\/feira-da-sulanca-de-caruaru-sera-3\/","title":{"rendered":"Feira da Sulanca de Caruaru ser\u00e1 domingo (24) v\u00e9spera de Natal"},"content":{"rendered":"<div class=\"separator\" style=\"clear: both; text-align: center;\">\n<a href=\"https:\/\/4.bp.blogspot.com\/-M70VQ7dudkw\/WjfVgHbT6-I\/AAAAAAAAnCQ\/YGZZ5VcybJwio68rmXdFZghvPs_4JjV5wCLcBGAs\/s1600\/feira.jpg\" imageanchor=\"1\" style=\"margin-left: 1em; margin-right: 1em;\"><img loading=\"lazy\" decoding=\"async\" border=\"0\" data-original-height=\"626\" data-original-width=\"1000\" height=\"250\" src=\"http:\/\/blogdoedvaldomagalhaes.com.br\/wp-content\/uploads\/2017\/12\/feira-1.jpg\" width=\"400\" \/><\/a><\/div>\n<div style=\"background-color: white; border: 0px; margin-bottom: 1.5em; outline: 0px; padding: 0px; text-align: justify; vertical-align: baseline;\">\n<\/div>\n<div style=\"background-color: white; border: 0px; margin-bottom: 1.5em; outline: 0px; padding: 0px; text-align: justify; vertical-align: baseline;\">\nA Secretaria Extraordin\u00e1ria da Feira de Caruaru informa que n\u00e3o haver\u00e1 Feira da Sulanca no pr\u00f3ximo s\u00e1bado (23). A pr\u00f3xima Feira da Sulanca ser\u00e1 realizada apenas no domingo (24), j\u00e1 que na segunda-feira ser\u00e1 feriado de Natal (25). Essa tamb\u00e9m ser\u00e1 a \u00faltima de 2017. A primeira Feira da Sulanca de 2018 ser\u00e1, excepcionalmente, no dia dois de janeiro de 2018, ter\u00e7a-feira, devido ao feriado de Ano Novo (1\u00ba), ser numa segunda-feira.<\/div>\n","protected":false},"excerpt":{"rendered":"<p>A Secretaria Extraordin\u00e1ria da Feira de Caruaru informa que n\u00e3o haver\u00e1 Feira da Sulanca no pr\u00f3ximo s\u00e1bado (23). A pr\u00f3xima&hellip;<\/p>\n","protected":false},"author":1,"featured_media":0,"comment_status":"open","ping_status":"open","sticky":false,"template":"","format":"standard","meta":{"footnotes":""},"categories":[1],"tags":[2,4311,6],"class_list":["post-3693","post","type-post","status-publish","format-standard","hentry","category-sem-categoria","tag-blog-do-edvaldo-magalhaes","tag-feira-da-sulanca-de-caruaru-sera-domingo-24-vespera-de-natal","tag-noticias"],"_links":{"self":[{"href":"https:\/\/blogdoedvaldomagalhaes.com.br\/index.php\/wp-json\/wp\/v2\/posts\/3693","targetHints":{"allow":["GET"]}}],"collection":[{"href":"https:\/\/blogdoedvaldomagalhaes.com.br\/index.php\/wp-json\/wp\/v2\/posts"}],"about":[{"href":"https:\/\/blogdoedvaldomagalhaes.com.br\/index.php\/wp-json\/wp\/v2\/types\/post"}],"author":[{"embeddable":true,"href":"https:\/\/blogdoedvaldomagalhaes.com.br\/index.php\/wp-json\/wp\/v2\/users\/1"}],"replies":[{"embeddable":true,"href":"https:\/\/blogdoedvaldomagalhaes.com.br\/index.php\/wp-json\/wp\/v2\/comments?post=3693"}],"version-history":[{"count":1,"href":"https:\/\/blogdoedvaldomagalhaes.com.br\/index.php\/wp-json\/wp\/v2\/posts\/3693\/revisions"}],"predecessor-version":[{"id":27230,"href":"https:\/\/blogdoedvaldomagalhaes.com.br\/index.php\/wp-json\/wp\/v2\/posts\/3693\/revisions\/27230"}],"wp:attachment":[{"href":"https:\/\/blogdoedvaldomagalhaes.com.br\/index.php\/wp-json\/wp\/v2\/media?parent=3693"}],"wp:term":[{"taxonomy":"category","embeddable":true,"href":"https:\/\/blogdoedvaldomagalhaes.com.br\/index.php\/wp-json\/wp\/v2\/categories?post=3693"},{"taxonomy":"post_tag","embeddable":true,"href":"https:\/\/blogdoedvaldomagalhaes.com.br\/index.php\/wp-json\/wp\/v2\/tags?post=3693"}],"curies":[{"name":"wp","href":"https:\/\/api.w.org\/{rel}","templated":true}]}}