{"id":3691,"date":"2017-12-19T14:00:00","date_gmt":"2017-12-19T16:00:00","guid":{"rendered":"http:\/\/blogdoedvaldomagalhaes.com.br\/index.php\/2017\/12\/19\/policia-federal-divulga-balanco-de\/"},"modified":"2019-02-09T01:56:51","modified_gmt":"2019-02-09T03:56:51","slug":"policia-federal-divulga-balanco-de","status":"publish","type":"post","link":"https:\/\/blogdoedvaldomagalhaes.com.br\/index.php\/2017\/12\/19\/policia-federal-divulga-balanco-de\/","title":{"rendered":"Pol\u00edcia Federal divulga balan\u00e7o de apreens\u00f5es de drogas em 2017 em Pernambuco"},"content":{"rendered":"<div class=\"separator\" style=\"clear: both; text-align: center;\">\n<a href=\"https:\/\/2.bp.blogspot.com\/-V6Q-TbQ6MVk\/WjkbY0eqn-I\/AAAAAAAAnDM\/82tY-dQjhssjxkqxMw270jxdnGSVQL5KACLcBGAs\/s1600\/prf.jpeg\" imageanchor=\"1\" style=\"margin-left: 1em; margin-right: 1em;\"><img loading=\"lazy\" decoding=\"async\" border=\"0\" data-original-height=\"188\" data-original-width=\"300\" height=\"249\" src=\"http:\/\/blogdoedvaldomagalhaes.com.br\/wp-content\/uploads\/2017\/12\/prf-1.jpeg\" width=\"400\" \/><\/a><\/div>\n<div class=\"separator\" style=\"clear: both; text-align: center;\">\nFoto: PRF\/Divulga\u00e7\u00e3o<\/div>\n<div style=\"background-color: white; box-sizing: border-box; line-height: 24px; margin-bottom: 10px; text-align: justify;\">\n<\/div>\n<div style=\"background-color: white; box-sizing: border-box; line-height: 24px; margin-bottom: 10px; text-align: justify;\">\nA Pol\u00edcia Federal (PF) divulgou, nesta ter\u00e7a-feira (19), um balan\u00e7o parcial das a\u00e7\u00f5es contra o tr\u00e1fico em Pernambuco. At\u00e9 o in\u00edcio deste m\u00eas de dezembro os agentes recolheram mais maconha pronta para a venda do que toda a quantidade de entorpecente retirada de circula\u00e7\u00e3o em 2016 e em 2015.<\/div>\n<div style=\"background-color: white; box-sizing: border-box; line-height: 24px; margin-bottom: 10px; text-align: justify;\">\nEste ano, foram apreendidas 4 toneladas da droga e nos dois anos anterior foram quase 3 toneladas.<\/div>\n<div style=\"background-color: white; box-sizing: border-box; line-height: 24px; margin-bottom: 10px; text-align: justify;\">\nTamb\u00e9m houve crescimento na quantidade de plantios destru\u00eddos. Em 2017, os agentes realizaram quatro opera\u00e7\u00f5es, at\u00e9 dezembro, e inutilizaram 577 \u00e1reas de cultivo de maconha. Em 2016 e em 2015, foram 411 locais atingidos pelas a\u00e7\u00f5es da Pol\u00edcia Federal.<\/div>\n<div style=\"background-color: white; box-sizing: border-box; line-height: 24px; margin-bottom: 10px; text-align: justify;\">\nNessas a\u00e7\u00f5es de 2017, a PF informa ter erradicado 1,8 milh\u00e3o de p\u00e9s de maconha. Nos dois anos anteriores, os agentes inutilizaram 1,1 milh\u00e3o de plantas.<\/div>\n<div style=\"background-color: white; box-sizing: border-box; line-height: 24px; margin-bottom: 10px; text-align: justify;\">\nCom as opera\u00e7\u00f5es deste ano, a corpora\u00e7\u00e3o aponta ter impedido a produ\u00e7\u00e3o de 596 toneladas de maconha. Nos anos anteriores, 388 toneladas da droga n\u00e3o chegaram ao mercado.<\/div>\n","protected":false},"excerpt":{"rendered":"<p>Foto: PRF\/Divulga\u00e7\u00e3o A Pol\u00edcia Federal (PF) divulgou, nesta ter\u00e7a-feira (19), um balan\u00e7o parcial das a\u00e7\u00f5es contra o tr\u00e1fico em Pernambuco.&hellip;<\/p>\n","protected":false},"author":1,"featured_media":0,"comment_status":"open","ping_status":"open","sticky":false,"template":"","format":"standard","meta":{"footnotes":""},"categories":[1],"tags":[2,4304,13],"class_list":["post-3691","post","type-post","status-publish","format-standard","hentry","category-sem-categoria","tag-blog-do-edvaldo-magalhaes","tag-policia-federal-divulga-balanco-de-apreensoes-de-drogas-em-2017-em-pernambuco","tag-policial"],"_links":{"self":[{"href":"https:\/\/blogdoedvaldomagalhaes.com.br\/index.php\/wp-json\/wp\/v2\/posts\/3691","targetHints":{"allow":["GET"]}}],"collection":[{"href":"https:\/\/blogdoedvaldomagalhaes.com.br\/index.php\/wp-json\/wp\/v2\/posts"}],"about":[{"href":"https:\/\/blogdoedvaldomagalhaes.com.br\/index.php\/wp-json\/wp\/v2\/types\/post"}],"author":[{"embeddable":true,"href":"https:\/\/blogdoedvaldomagalhaes.com.br\/index.php\/wp-json\/wp\/v2\/users\/1"}],"replies":[{"embeddable":true,"href":"https:\/\/blogdoedvaldomagalhaes.com.br\/index.php\/wp-json\/wp\/v2\/comments?post=3691"}],"version-history":[{"count":1,"href":"https:\/\/blogdoedvaldomagalhaes.com.br\/index.php\/wp-json\/wp\/v2\/posts\/3691\/revisions"}],"predecessor-version":[{"id":27244,"href":"https:\/\/blogdoedvaldomagalhaes.com.br\/index.php\/wp-json\/wp\/v2\/posts\/3691\/revisions\/27244"}],"wp:attachment":[{"href":"https:\/\/blogdoedvaldomagalhaes.com.br\/index.php\/wp-json\/wp\/v2\/media?parent=3691"}],"wp:term":[{"taxonomy":"category","embeddable":true,"href":"https:\/\/blogdoedvaldomagalhaes.com.br\/index.php\/wp-json\/wp\/v2\/categories?post=3691"},{"taxonomy":"post_tag","embeddable":true,"href":"https:\/\/blogdoedvaldomagalhaes.com.br\/index.php\/wp-json\/wp\/v2\/tags?post=3691"}],"curies":[{"name":"wp","href":"https:\/\/api.w.org\/{rel}","templated":true}]}}