{"id":3672,"date":"2017-12-21T23:02:00","date_gmt":"2017-12-22T01:02:00","guid":{"rendered":"http:\/\/blogdoedvaldomagalhaes.com.br\/index.php\/2017\/12\/21\/raquel-sofre-nova-derrota-na-camara\/"},"modified":"2019-02-09T01:57:06","modified_gmt":"2019-02-09T03:57:06","slug":"raquel-sofre-nova-derrota-na-camara","status":"publish","type":"post","link":"https:\/\/blogdoedvaldomagalhaes.com.br\/index.php\/2017\/12\/21\/raquel-sofre-nova-derrota-na-camara\/","title":{"rendered":"Raquel sofre nova derrota na C\u00e2mara: Projeto do empr\u00e9stimo de R$ 83 milh\u00f5es \u00e9 derrotado"},"content":{"rendered":"<div class=\"separator\" style=\"clear: both; text-align: center;\">\n<a href=\"https:\/\/1.bp.blogspot.com\/-81T5QK0jFo0\/Wjw6TVr6g1I\/AAAAAAAAnLk\/3D4iashPNkUiqJ9sXgubTNEIXa7ohbi6ACLcBGAs\/s1600\/camara.jpg\" imageanchor=\"1\" style=\"margin-left: 1em; margin-right: 1em;\"><img loading=\"lazy\" decoding=\"async\" border=\"0\" data-original-height=\"768\" data-original-width=\"1024\" height=\"296\" src=\"http:\/\/blogdoedvaldomagalhaes.com.br\/wp-content\/uploads\/2017\/12\/camara-5.jpg\" width=\"400\" \/><\/a><\/div>\n<div style=\"background-color: white; border: 0px; margin-bottom: 1.5em; outline: 0px; padding: 0px; text-align: justify; vertical-align: baseline;\">\n<\/div>\n<div style=\"text-align: justify;\">\nDurante a reuni\u00e3o ordin\u00e1ria na C\u00e2mara de Vereadores de Caruaru, nesta quinta-feira (21), foram votados 12 Projetos de Lei do Poder Executivo. Os<br \/>\nvereadores n\u00e3o aprovaram a autoriza\u00e7\u00e3o da prefeitura em pedir R$ 83<br \/>\nmilh\u00f5es junto \u00e0 Caixa Econ\u00f4mica Federal para obras de infraestrutura. O projeto foi derrotado, tendo 13 votos a favor e 10 contra. Para que o mesmo fosse<br \/>\naprovado, como a mat\u00e9ria \u00e9 financeira, tinha que ter 16 votos a favor.<\/div>\n<div style=\"text-align: justify;\">\n<\/div>\n<div style=\"text-align: justify;\">\nSeis dos 12 projetos no pacote enviado \u00e0 Casa<br \/>\nLegislativa foram rejeitados. Devido \u00e0s mat\u00e9rias serem de ordem financeira,<br \/>\neram necess\u00e1rios 16 votos, por se tratar de maioria de 2\/3, mas apenas 13<br \/>\nvereadores votaram a favor e 10 contra.<\/div>\n<div style=\"text-align: justify;\">\n<\/div>\n<div style=\"text-align: justify;\">\n<strong>Os votos n\u00e3o<\/strong><\/div>\n<div style=\"text-align: justify;\">\nDa<br \/>\noposi\u00e7\u00e3o votaram contra: Alberes Lopes, Daniel Finizola, Galego de Lajes e<br \/>\nMarcelo Gomes. J\u00e1 da base do governo os vereadores que n\u00e3o seguiram a<br \/>\norienta\u00e7\u00e3o do pal\u00e1cio Jaime Nejaym foram: Cec\u00edlio Pedro, Edjailson da Caru<br \/>\nForr\u00f3, Ranilson Enfermeiro, Rozael do Divinopolis, S\u00e9rgio Siqueira e Tafarel.<\/div>\n<div style=\"text-align: justify;\">\n<\/div>\n<div style=\"text-align: justify;\">\n<strong>Os votos Sim<\/strong><\/div>\n<div style=\"text-align: justify;\">\nVotaram<br \/>\na favor: Allysson da Farm\u00e1cia, Bruno Lambreta, Duda do Vassoural, Edmilson do<br \/>\nSalgado, Fagner Fernandes, Heleno Oscar, \u00cdtalo Henrique, Leonardo Chaves, Lula<br \/>\nT\u00f4rres, Presb\u00edtero Andrey, Pierson Leite, Ricardo Liberato e Zez\u00e9 Parteira.<\/div>\n<div style=\"text-align: justify;\">\n<\/div>\n<div style=\"text-align: justify;\">\n<strong>Demais projetos<\/strong>&nbsp;\u2013 Al\u00e9m do projeto do empr\u00e9stimo<br \/>\noutros que foram rejeitados:<\/div>\n<div style=\"text-align: justify;\">\n\u2013<br \/>\nParcelamento de obriga\u00e7\u00e3o previdenci\u00e1ria ao regime pr\u00f3prio de previd\u00eancia<br \/>\nsocial (Sim \u2013 12 e N\u00e3o \u2013 11);<\/div>\n<div style=\"text-align: justify;\">\n\u2013<br \/>\nPlano de custeio referente ao ao regime pr\u00f3prio de previd\u00eancia social (Sim \u2013 12<br \/>\ne N\u00e3o \u2013 11);<\/div>\n<div style=\"text-align: justify;\">\n\u2013<br \/>\nAutoriza o executivo municipal a contratar financiamento do PMAT (Sim \u2013 12 e<br \/>\nN\u00e3o \u2013 11);<\/div>\n<div style=\"text-align: justify;\">\n\u2013<br \/>\nProjeto que institui o programa de Educa\u00e7\u00e3o Integral; (Sim \u2013 11 e N\u00e3o \u2013 12);<\/div>\n<div style=\"background-color: white; border: 0px; margin-bottom: 1.5em; outline: 0px; padding: 0px; text-align: justify; vertical-align: baseline;\">\n<\/div>\n<div style=\"text-align: justify;\">\n\u2013<br \/>\nProjeto que estabelece normas para a urbaniza\u00e7\u00e3o de logradouros por a\u00e7\u00e3o<br \/>\nconjunta da comunidade e do munic\u00edpio; (Sim \u2013 13 e N\u00e3o \u2013 10);<\/div>\n<div style=\"text-align: justify;\">\n<\/div>\n<div style=\"text-align: justify;\">\nDo Blog do M\u00e1rio Fl\u00e1vio.<\/div>\n","protected":false},"excerpt":{"rendered":"<p>Durante a reuni\u00e3o ordin\u00e1ria na C\u00e2mara de Vereadores de Caruaru, nesta quinta-feira (21), foram votados 12 Projetos de Lei do&hellip;<\/p>\n","protected":false},"author":1,"featured_media":0,"comment_status":"open","ping_status":"open","sticky":false,"template":"","format":"standard","meta":{"footnotes":""},"categories":[1],"tags":[2,20,4273],"class_list":["post-3672","post","type-post","status-publish","format-standard","hentry","category-sem-categoria","tag-blog-do-edvaldo-magalhaes","tag-politica","tag-raquel-sofre-nova-derrota-na-camara-projeto-do-emprestimo-de-r-83-milhoes-e-derrotado"],"_links":{"self":[{"href":"https:\/\/blogdoedvaldomagalhaes.com.br\/index.php\/wp-json\/wp\/v2\/posts\/3672","targetHints":{"allow":["GET"]}}],"collection":[{"href":"https:\/\/blogdoedvaldomagalhaes.com.br\/index.php\/wp-json\/wp\/v2\/posts"}],"about":[{"href":"https:\/\/blogdoedvaldomagalhaes.com.br\/index.php\/wp-json\/wp\/v2\/types\/post"}],"author":[{"embeddable":true,"href":"https:\/\/blogdoedvaldomagalhaes.com.br\/index.php\/wp-json\/wp\/v2\/users\/1"}],"replies":[{"embeddable":true,"href":"https:\/\/blogdoedvaldomagalhaes.com.br\/index.php\/wp-json\/wp\/v2\/comments?post=3672"}],"version-history":[{"count":1,"href":"https:\/\/blogdoedvaldomagalhaes.com.br\/index.php\/wp-json\/wp\/v2\/posts\/3672\/revisions"}],"predecessor-version":[{"id":27297,"href":"https:\/\/blogdoedvaldomagalhaes.com.br\/index.php\/wp-json\/wp\/v2\/posts\/3672\/revisions\/27297"}],"wp:attachment":[{"href":"https:\/\/blogdoedvaldomagalhaes.com.br\/index.php\/wp-json\/wp\/v2\/media?parent=3672"}],"wp:term":[{"taxonomy":"category","embeddable":true,"href":"https:\/\/blogdoedvaldomagalhaes.com.br\/index.php\/wp-json\/wp\/v2\/categories?post=3672"},{"taxonomy":"post_tag","embeddable":true,"href":"https:\/\/blogdoedvaldomagalhaes.com.br\/index.php\/wp-json\/wp\/v2\/tags?post=3672"}],"curies":[{"name":"wp","href":"https:\/\/api.w.org\/{rel}","templated":true}]}}