{"id":3671,"date":"2017-12-22T10:21:00","date_gmt":"2017-12-22T12:21:00","guid":{"rendered":"http:\/\/blogdoedvaldomagalhaes.com.br\/index.php\/2017\/12\/22\/operacao-divisa-segura-fortalece\/"},"modified":"2019-02-09T01:57:06","modified_gmt":"2019-02-09T03:57:06","slug":"operacao-divisa-segura-fortalece","status":"publish","type":"post","link":"https:\/\/blogdoedvaldomagalhaes.com.br\/index.php\/2017\/12\/22\/operacao-divisa-segura-fortalece\/","title":{"rendered":"Opera\u00e7\u00e3o Divisa Segura fortalece seguran\u00e7a entre os Estados de Pernambuco e Para\u00edba"},"content":{"rendered":"<div class=\"separator\" style=\"clear: both; text-align: center;\">\n<a href=\"https:\/\/1.bp.blogspot.com\/-H7nH8FZ-Dlw\/WjzchPysbeI\/AAAAAAAAnNs\/uouG24ybEPMwflkkKwtC1TGthAszy9yQwCLcBGAs\/s1600\/pc.jpg\" imageanchor=\"1\" style=\"margin-left: 1em; margin-right: 1em;\"><img loading=\"lazy\" decoding=\"async\" border=\"0\" data-original-height=\"270\" data-original-width=\"399\" height=\"268\" src=\"http:\/\/blogdoedvaldomagalhaes.com.br\/wp-content\/uploads\/2017\/12\/pc-2.jpg\" width=\"400\" \/><\/a><\/div>\n<div style=\"background-color: white; box-sizing: border-box; line-height: 24px; margin-bottom: 10px; text-align: justify;\">\n<\/div>\n<div style=\"background-color: white; box-sizing: border-box; line-height: 24px; margin-bottom: 10px; text-align: justify;\">\nPoliciais civis e militares e Corpo de Bombeiros dos Estados de Pernambuco e Para\u00edba deflagraram, na madrugada desta sexta-feira (22), a Opera\u00e7\u00e3o Divisa Segura. O objetivo \u00e9 cumprir mandados de pris\u00e3o, busca e apreens\u00e3o e fortalecer a seguran\u00e7a entre os dois Estados.<\/div>\n<div style=\"background-color: white; box-sizing: border-box; line-height: 24px; margin-bottom: 10px; text-align: justify;\">\nA a\u00e7\u00e3o est\u00e1 acontecendo nos munic\u00edpios pernambucanos de Goiana, Itamb\u00e9, Santa Maria do Cambuc\u00e1 e Vertente do L\u00e9rio. Na Para\u00edba, os policiais est\u00e3o nas cidades de Alhandra, Itabaiana, Queimadas, Caapor\u00e3, Pedra de Fogo e Santa Cec\u00edlia.<\/div>\n<div style=\"background-color: white; box-sizing: border-box; line-height: 24px; margin-bottom: 10px; text-align: justify;\">\nEm todas as cidades, haver\u00e1 a\u00e7\u00f5es de satura\u00e7\u00e3o e abordagens a pessoas e ve\u00edculos durante todo o dia. A opera\u00e7\u00e3o conta com patrulhamento realizado por duas aeronaves. Outras fases da opera\u00e7\u00e3o ser\u00e3o realizadas nos pr\u00f3ximos dias.<\/div>\n","protected":false},"excerpt":{"rendered":"<p>Policiais civis e militares e Corpo de Bombeiros dos Estados de Pernambuco e Para\u00edba deflagraram, na madrugada desta sexta-feira (22),&hellip;<\/p>\n","protected":false},"author":1,"featured_media":0,"comment_status":"open","ping_status":"open","sticky":false,"template":"","format":"standard","meta":{"footnotes":""},"categories":[1],"tags":[2,4272,13],"class_list":["post-3671","post","type-post","status-publish","format-standard","hentry","category-sem-categoria","tag-blog-do-edvaldo-magalhaes","tag-operacao-divisa-segura-fortalece-seguranca-entre-os-estados-de-pernambuco-e-paraiba","tag-policial"],"_links":{"self":[{"href":"https:\/\/blogdoedvaldomagalhaes.com.br\/index.php\/wp-json\/wp\/v2\/posts\/3671","targetHints":{"allow":["GET"]}}],"collection":[{"href":"https:\/\/blogdoedvaldomagalhaes.com.br\/index.php\/wp-json\/wp\/v2\/posts"}],"about":[{"href":"https:\/\/blogdoedvaldomagalhaes.com.br\/index.php\/wp-json\/wp\/v2\/types\/post"}],"author":[{"embeddable":true,"href":"https:\/\/blogdoedvaldomagalhaes.com.br\/index.php\/wp-json\/wp\/v2\/users\/1"}],"replies":[{"embeddable":true,"href":"https:\/\/blogdoedvaldomagalhaes.com.br\/index.php\/wp-json\/wp\/v2\/comments?post=3671"}],"version-history":[{"count":1,"href":"https:\/\/blogdoedvaldomagalhaes.com.br\/index.php\/wp-json\/wp\/v2\/posts\/3671\/revisions"}],"predecessor-version":[{"id":27299,"href":"https:\/\/blogdoedvaldomagalhaes.com.br\/index.php\/wp-json\/wp\/v2\/posts\/3671\/revisions\/27299"}],"wp:attachment":[{"href":"https:\/\/blogdoedvaldomagalhaes.com.br\/index.php\/wp-json\/wp\/v2\/media?parent=3671"}],"wp:term":[{"taxonomy":"category","embeddable":true,"href":"https:\/\/blogdoedvaldomagalhaes.com.br\/index.php\/wp-json\/wp\/v2\/categories?post=3671"},{"taxonomy":"post_tag","embeddable":true,"href":"https:\/\/blogdoedvaldomagalhaes.com.br\/index.php\/wp-json\/wp\/v2\/tags?post=3671"}],"curies":[{"name":"wp","href":"https:\/\/api.w.org\/{rel}","templated":true}]}}