{"id":360,"date":"2018-12-22T13:48:00","date_gmt":"2018-12-22T15:48:00","guid":{"rendered":"http:\/\/blogdoedvaldomagalhaes.com.br\/index.php\/2018\/12\/22\/policial-militar-e-encontrado-morto-e\/"},"modified":"2019-02-09T02:47:28","modified_gmt":"2019-02-09T04:47:28","slug":"policial-militar-e-encontrado-morto-e","status":"publish","type":"post","link":"https:\/\/blogdoedvaldomagalhaes.com.br\/index.php\/2018\/12\/22\/policial-militar-e-encontrado-morto-e\/","title":{"rendered":"Policial Militar \u00e9 encontrado morto em Caruaru"},"content":{"rendered":"<div class=\"separator\" style=\"clear: both; text-align: center;\">\n<a href=\"https:\/\/3.bp.blogspot.com\/-5NleXp-vyes\/XB5ACJU5LEI\/AAAAAAABAMU\/gIeGS8SnyRQQ10MdepxQgfOWjYyhvPX9wCLcBGAs\/s1600\/IMG-20181222-WA0014.jpg\" imageanchor=\"1\" style=\"margin-left: 1em; margin-right: 1em;\"><img loading=\"lazy\" decoding=\"async\" border=\"0\" data-original-height=\"548\" data-original-width=\"429\" height=\"640\" src=\"http:\/\/blogdoedvaldomagalhaes.com.br\/wp-content\/uploads\/2018\/12\/IMG-20181222-WA0014.jpg\" width=\"500\" \/><\/a><\/div>\n<p><\/p>\n<div style=\"text-align: justify;\">\nO sub tenente reformado e guarda patrimonial da Pol\u00edcia Militar de Pernambuco, Jos\u00e9 Marcos Fernandes de Souza, de 60 anos, lotado no 4\u00b0 batalh\u00e3o, foi encontrado morto dentro da sua resid\u00eancia, no bairro Inocoop. O corpo foi encaminhado para o IML de Caruaru.<\/div>\n<div style=\"text-align: justify;\">\n<\/div>\n<div style=\"text-align: justify;\">\nSegundo informa\u00e7\u00f5es, o sub tenente Marcos foi dormir &nbsp;quando possivelmente passou mal vindo a \u00f3bito.<\/div>\n<div style=\"text-align: justify;\">\n<\/div>\n<div style=\"text-align: justify;\">\nA pol\u00edcia militar de Pernambuco est\u00e1 de luto.&nbsp;<\/p>\n<p>Informa\u00e7\u00f5es: Kalebe Pereira.&nbsp;<\/p>\n<p><\/div>\n","protected":false},"excerpt":{"rendered":"<p>O sub tenente reformado e guarda patrimonial da Pol\u00edcia Militar de Pernambuco, Jos\u00e9 Marcos Fernandes de Souza, de 60 anos,&hellip;<\/p>\n","protected":false},"author":1,"featured_media":0,"comment_status":"open","ping_status":"open","sticky":false,"template":"","format":"standard","meta":{"footnotes":""},"categories":[1],"tags":[2,6],"class_list":["post-360","post","type-post","status-publish","format-standard","hentry","category-sem-categoria","tag-blog-do-edvaldo-magalhaes","tag-noticias"],"_links":{"self":[{"href":"https:\/\/blogdoedvaldomagalhaes.com.br\/index.php\/wp-json\/wp\/v2\/posts\/360","targetHints":{"allow":["GET"]}}],"collection":[{"href":"https:\/\/blogdoedvaldomagalhaes.com.br\/index.php\/wp-json\/wp\/v2\/posts"}],"about":[{"href":"https:\/\/blogdoedvaldomagalhaes.com.br\/index.php\/wp-json\/wp\/v2\/types\/post"}],"author":[{"embeddable":true,"href":"https:\/\/blogdoedvaldomagalhaes.com.br\/index.php\/wp-json\/wp\/v2\/users\/1"}],"replies":[{"embeddable":true,"href":"https:\/\/blogdoedvaldomagalhaes.com.br\/index.php\/wp-json\/wp\/v2\/comments?post=360"}],"version-history":[{"count":1,"href":"https:\/\/blogdoedvaldomagalhaes.com.br\/index.php\/wp-json\/wp\/v2\/posts\/360\/revisions"}],"predecessor-version":[{"id":37074,"href":"https:\/\/blogdoedvaldomagalhaes.com.br\/index.php\/wp-json\/wp\/v2\/posts\/360\/revisions\/37074"}],"wp:attachment":[{"href":"https:\/\/blogdoedvaldomagalhaes.com.br\/index.php\/wp-json\/wp\/v2\/media?parent=360"}],"wp:term":[{"taxonomy":"category","embeddable":true,"href":"https:\/\/blogdoedvaldomagalhaes.com.br\/index.php\/wp-json\/wp\/v2\/categories?post=360"},{"taxonomy":"post_tag","embeddable":true,"href":"https:\/\/blogdoedvaldomagalhaes.com.br\/index.php\/wp-json\/wp\/v2\/tags?post=360"}],"curies":[{"name":"wp","href":"https:\/\/api.w.org\/{rel}","templated":true}]}}