{"id":358,"date":"2018-12-22T15:09:00","date_gmt":"2018-12-22T17:09:00","guid":{"rendered":"http:\/\/blogdoedvaldomagalhaes.com.br\/index.php\/2018\/12\/22\/comeca-o-verao-brasileiro-com-dias-mais\/"},"modified":"2019-02-09T02:47:29","modified_gmt":"2019-02-09T04:47:29","slug":"comeca-o-verao-brasileiro-com-dias-mais","status":"publish","type":"post","link":"https:\/\/blogdoedvaldomagalhaes.com.br\/index.php\/2018\/12\/22\/comeca-o-verao-brasileiro-com-dias-mais\/","title":{"rendered":"Come\u00e7a o ver\u00e3o brasileiro com dias mais longos que as noites"},"content":{"rendered":"<div class=\"separator\" style=\"clear: both; text-align: center;\">\n<\/div>\n<ul>\n<li><a href=\"https:\/\/2.bp.blogspot.com\/-KErWes6PtNg\/XB5TV8HiOBI\/AAAAAAABAMs\/YNC4h5q5eFQF4Tjm2ysZ0KQtEk4yB0L9wCLcBGAs\/s1600\/IMG-20181222-WA0053.jpg\" imageanchor=\"1\" style=\"margin-left: 1em; margin-right: 1em;\"><img loading=\"lazy\" decoding=\"async\" border=\"0\" data-original-height=\"565\" data-original-width=\"1024\" height=\"352\" src=\"http:\/\/blogdoedvaldomagalhaes.com.br\/wp-content\/uploads\/2018\/12\/IMG-20181222-WA0053.jpg\" width=\"640\" \/><\/a><\/li>\n<\/ul>\n<p><\/p>\n<div class=\"separator\" style=\"clear: both; text-align: center;\">\nFotos: Adriele Nascimento&nbsp;<\/div>\n<div style=\"background-color: white; box-sizing: border-box; font-family: Lato, sans-serif; font-size: 13px; line-height: 23px; margin-bottom: 10px; text-align: justify;\">\n<\/div>\n<div style=\"background-color: white; box-sizing: border-box; font-family: Lato, sans-serif; font-size: 13px; line-height: 23px; margin-bottom: 10px; text-align: justify;\">\nCome\u00e7ou nesta sexta-feira (21), \u00e0s 19h23, o Ver\u00e3o brasileiro. A nova esta\u00e7\u00e3o apresenta dias mais longos que as noites, clima quente e chuvas torrenciais, resultado da r\u00e1pida evapora\u00e7\u00e3o das \u00e1guas pelo aumento da temperatura.<\/div>\n<div style=\"background-color: white; box-sizing: border-box; font-family: Lato, sans-serif; font-size: 13px; line-height: 23px; margin-bottom: 10px; text-align: justify;\">\n<\/div>\n<div style=\"background-color: white; box-sizing: border-box; font-family: Lato, sans-serif; font-size: 13px; line-height: 23px; margin-bottom: 10px; text-align: justify;\">\nNo Nordeste, as chuvas de ver\u00e3o s\u00e3o bem menos intensas e mais r\u00e1pidas. No Sert\u00e3o pernambucano, a m\u00e9dia de chuva por m\u00eas \u00e9 de 300 mil\u00edmetros. J\u00e1 no Agreste, Zona da Mata e Regi\u00e3o Metropolitana, o per\u00edodo de chuva forte ocorre a partir de mar\u00e7o.<\/div>\n<div style=\"background-color: white; box-sizing: border-box; font-family: Lato, sans-serif; font-size: 13px; line-height: 23px; margin-bottom: 10px; text-align: justify;\">\n<\/div>\n<div class=\"separator\" style=\"clear: both; text-align: center;\">\n<a href=\"https:\/\/4.bp.blogspot.com\/-wwz5MGwGfI4\/XB5Tl5nFpmI\/AAAAAAABAM0\/b47k_sD4NBkNEpim7DiZCRP4O1VMUfGnwCLcBGAs\/s1600\/IMG-20181222-WA0054.jpg\" imageanchor=\"1\" style=\"margin-left: 1em; margin-right: 1em;\"><img loading=\"lazy\" decoding=\"async\" border=\"0\" data-original-height=\"720\" data-original-width=\"1280\" height=\"360\" src=\"http:\/\/blogdoedvaldomagalhaes.com.br\/wp-content\/uploads\/2018\/12\/IMG-20181222-WA0054.jpg\" width=\"640\" \/><\/a><\/div>\n<div style=\"background-color: white; box-sizing: border-box; font-family: Lato, sans-serif; font-size: 13px; line-height: 23px; margin-bottom: 10px; text-align: justify;\">\n<\/div>\n<div style=\"background-color: white; box-sizing: border-box; font-family: Lato, sans-serif; font-size: 13px; line-height: 23px; margin-bottom: 10px; text-align: justify;\">\nDurante o per\u00edodo, as temperaturas atingem normalmente 40\u00baC no Sert\u00e3o, 37\u00baC no Agreste e 35\u00baC na Zona da Mata e Regi\u00e3o Metropolitana. O Ver\u00e3o termina no dia 20 de mar\u00e7o, \u00e0s 18h57, quando come\u00e7a o Outono.<\/div>\n<div style=\"background-color: white; box-sizing: border-box; font-family: Lato, sans-serif; font-size: 13px; line-height: 23px; margin-bottom: 10px; text-align: justify;\">\n<\/div>\n<div style=\"background-color: white; box-sizing: border-box; font-family: Lato, sans-serif; font-size: 13px; line-height: 23px; margin-bottom: 10px; text-align: justify;\">\nFonte: Helenivaldo Pereira\/R\u00e1dio Liberdade.&nbsp;<\/div>\n","protected":false},"excerpt":{"rendered":"<p>Fotos: Adriele Nascimento&nbsp; Come\u00e7ou nesta sexta-feira (21), \u00e0s 19h23, o Ver\u00e3o brasileiro. A nova esta\u00e7\u00e3o apresenta dias mais longos que&hellip;<\/p>\n","protected":false},"author":1,"featured_media":0,"comment_status":"open","ping_status":"open","sticky":false,"template":"","format":"standard","meta":{"footnotes":""},"categories":[1],"tags":[2,6],"class_list":["post-358","post","type-post","status-publish","format-standard","hentry","category-sem-categoria","tag-blog-do-edvaldo-magalhaes","tag-noticias"],"_links":{"self":[{"href":"https:\/\/blogdoedvaldomagalhaes.com.br\/index.php\/wp-json\/wp\/v2\/posts\/358","targetHints":{"allow":["GET"]}}],"collection":[{"href":"https:\/\/blogdoedvaldomagalhaes.com.br\/index.php\/wp-json\/wp\/v2\/posts"}],"about":[{"href":"https:\/\/blogdoedvaldomagalhaes.com.br\/index.php\/wp-json\/wp\/v2\/types\/post"}],"author":[{"embeddable":true,"href":"https:\/\/blogdoedvaldomagalhaes.com.br\/index.php\/wp-json\/wp\/v2\/users\/1"}],"replies":[{"embeddable":true,"href":"https:\/\/blogdoedvaldomagalhaes.com.br\/index.php\/wp-json\/wp\/v2\/comments?post=358"}],"version-history":[{"count":1,"href":"https:\/\/blogdoedvaldomagalhaes.com.br\/index.php\/wp-json\/wp\/v2\/posts\/358\/revisions"}],"predecessor-version":[{"id":37080,"href":"https:\/\/blogdoedvaldomagalhaes.com.br\/index.php\/wp-json\/wp\/v2\/posts\/358\/revisions\/37080"}],"wp:attachment":[{"href":"https:\/\/blogdoedvaldomagalhaes.com.br\/index.php\/wp-json\/wp\/v2\/media?parent=358"}],"wp:term":[{"taxonomy":"category","embeddable":true,"href":"https:\/\/blogdoedvaldomagalhaes.com.br\/index.php\/wp-json\/wp\/v2\/categories?post=358"},{"taxonomy":"post_tag","embeddable":true,"href":"https:\/\/blogdoedvaldomagalhaes.com.br\/index.php\/wp-json\/wp\/v2\/tags?post=358"}],"curies":[{"name":"wp","href":"https:\/\/api.w.org\/{rel}","templated":true}]}}